{"id":13805,"date":"2019-02-28T14:12:57","date_gmt":"2019-02-28T12:12:57","guid":{"rendered":"https:\/\/answear.ro\/blog\/?p=13805"},"modified":"2019-02-28T14:29:02","modified_gmt":"2019-02-28T12:29:02","slug":"fashion-week-inspiratia-ta-pentru-2019","status":"publish","type":"post","link":"https:\/\/answear.ro\/blog\/fashion-week-inspiratia-ta-pentru-2019\/13805","title":{"rendered":"FASHION WEEK \u2013 Inspira\u021bia ta pentru 2019"},"content":{"rendered":"<span class=\"span-reading-time rt-reading-time\" style=\"display: block;\"><span class=\"rt-label rt-prefix\">Timp de citire <\/span> <span class=\"rt-time\"> 4<\/span> <span class=\"rt-label rt-postfix\">min<\/span><\/span><p><strong>\u00cen perioada februarie-martie, \u00een \u00eentreaga lume se desf\u0103\u0219oar\u0103 celebrul eveniment Fashion Week, locul unde se \u00eent\u00e2lnesc cele mai hot \u021binute. S\u0103pt\u0103m\u00e2na Modei este o inspira\u021bie nemaipomenit\u0103 pentru moda urban\u0103.<\/strong><\/p>\n<p><img loading=\"lazy\" decoding=\"async\" class=\"aligncenter size-full wp-image-13820\" src=\"https:\/\/answear.ro\/blog\/wp-content\/uploads\/2019\/02\/fashion-week-2019.jpg\" alt=\"\" width=\"720\" height=\"500\" srcset=\"https:\/\/answear.ro\/blog\/wp-content\/uploads\/2019\/02\/fashion-week-2019.jpg 720w, https:\/\/answear.ro\/blog\/wp-content\/uploads\/2019\/02\/fashion-week-2019-150x104.jpg 150w, https:\/\/answear.ro\/blog\/wp-content\/uploads\/2019\/02\/fashion-week-2019-300x208.jpg 300w, https:\/\/answear.ro\/blog\/wp-content\/uploads\/2019\/02\/fashion-week-2019-620x431.jpg 620w\" sizes=\"auto, (max-width: 720px) 100vw, 720px\" \/><\/p>\n<p>Ne-am documentat despre ce s-a \u00eent\u00e2mplat \u00een marile capitale ale modei \u0219i am f\u0103cut un rezumat pentru voi. Cite\u0219te articolul \u0219i inspir\u0103-te din trendurile anului 2019!<!--more--><\/p>\n<p><a href=\"https:\/\/answear.ro\/p\/speciale\/fashion-week.html\/p-1\/r-60\/o-hhttps:\/\/answear.ro\/p\/speciale\/fashion-week.html\/p-1\/r-60\/o-h\">Paris Fashion Week este \u00een plin\u0103 desf\u0103\u0219urare! Urm\u0103re\u0219te trendurile \u0219i vezi ce g\u0103se\u0219ti pe answear.ro, avem o ofert\u0103 de p\u00e2n\u0103 la <strong>-30% discount p\u00e2n\u0103 pe 4 martie la colec\u021biile noi<\/strong> &gt;&gt;&gt;&gt;<\/a><\/p>\n<p><strong>New York Fashion Week\u00a0<\/strong><\/p>\n<p>Anul acesta, New York-ul a fost marcat de streetwear. <strong>Culorile neon<\/strong> au transpus to\u021bi participan\u021bii evenimentului \u00een <strong>mijlocul anilor `80<\/strong>. Arhitectura ora\u0219ului a contribuit \u0219i ea la \u00eentregul tablou de fashion. Este o adev\u0103rat\u0103 pl\u0103cere s\u0103 admiri\u00a0fotografiile evenimentului!<\/p>\n<p><img loading=\"lazy\" decoding=\"async\" class=\" wp-image-13806 alignleft\" src=\"https:\/\/answear.ro\/blog\/wp-content\/uploads\/2019\/02\/fashion-week-2.jpg\" alt=\"\" width=\"239\" height=\"299\" srcset=\"https:\/\/answear.ro\/blog\/wp-content\/uploads\/2019\/02\/fashion-week-2.jpg 290w, https:\/\/answear.ro\/blog\/wp-content\/uploads\/2019\/02\/fashion-week-2-120x150.jpg 120w, https:\/\/answear.ro\/blog\/wp-content\/uploads\/2019\/02\/fashion-week-2-240x300.jpg 240w\" sizes=\"auto, (max-width: 239px) 100vw, 239px\" \/> <img loading=\"lazy\" decoding=\"async\" class=\" wp-image-13807 alignleft\" src=\"https:\/\/answear.ro\/blog\/wp-content\/uploads\/2019\/02\/fashion-week-3.jpg\" alt=\"\" width=\"238\" height=\"298\" srcset=\"https:\/\/answear.ro\/blog\/wp-content\/uploads\/2019\/02\/fashion-week-3.jpg 290w, https:\/\/answear.ro\/blog\/wp-content\/uploads\/2019\/02\/fashion-week-3-120x150.jpg 120w, https:\/\/answear.ro\/blog\/wp-content\/uploads\/2019\/02\/fashion-week-3-240x300.jpg 240w\" sizes=\"auto, (max-width: 238px) 100vw, 238px\" \/> <img loading=\"lazy\" decoding=\"async\" class=\" wp-image-13808 alignleft\" src=\"https:\/\/answear.ro\/blog\/wp-content\/uploads\/2019\/02\/fashion-week.jpg\" alt=\"\" width=\"239\" height=\"298\" srcset=\"https:\/\/answear.ro\/blog\/wp-content\/uploads\/2019\/02\/fashion-week.jpg 290w, https:\/\/answear.ro\/blog\/wp-content\/uploads\/2019\/02\/fashion-week-120x150.jpg 120w, https:\/\/answear.ro\/blog\/wp-content\/uploads\/2019\/02\/fashion-week-240x300.jpg 240w\" sizes=\"auto, (max-width: 239px) 100vw, 239px\" \/><\/p>\n<p>&nbsp;<\/p>\n<p>&nbsp;<\/p>\n<p>&nbsp;<\/p>\n<p>&nbsp;<\/p>\n<p>&nbsp;<\/p>\n<p>&nbsp;<\/p>\n<p>&nbsp;<\/p>\n<p>&nbsp;<\/p>\n<p>Printre piesele vestimentare vedete s-au num\u0103rat <strong>cizmele albe, po\u0219etele XXL \u0219i sacoul<\/strong>. \u00a0New York-ul a fost asaltat de combina\u021bia <strong>neon + neutru<\/strong>. Majoritatea\u00a0participan\u021bilor au urmat aceast\u0103 abordare, fie c\u0103 a fost asortat un top verde neon la pantaloni beige, fie c\u0103 ne referim la haina Teddybear roz neon asortat\u0103 cu pantofii bleumarin.<\/p>\n<p><img loading=\"lazy\" decoding=\"async\" class=\"aligncenter size-full wp-image-13813\" src=\"https:\/\/answear.ro\/blog\/wp-content\/uploads\/2019\/02\/Tinute-New-York-Fashion-Week.jpg\" alt=\"\" width=\"1280\" height=\"391\" srcset=\"https:\/\/answear.ro\/blog\/wp-content\/uploads\/2019\/02\/Tinute-New-York-Fashion-Week.jpg 1280w, https:\/\/answear.ro\/blog\/wp-content\/uploads\/2019\/02\/Tinute-New-York-Fashion-Week-150x46.jpg 150w, https:\/\/answear.ro\/blog\/wp-content\/uploads\/2019\/02\/Tinute-New-York-Fashion-Week-300x92.jpg 300w, https:\/\/answear.ro\/blog\/wp-content\/uploads\/2019\/02\/Tinute-New-York-Fashion-Week-1024x313.jpg 1024w, https:\/\/answear.ro\/blog\/wp-content\/uploads\/2019\/02\/Tinute-New-York-Fashion-Week-620x189.jpg 620w\" sizes=\"auto, (max-width: 1280px) 100vw, 1280px\" \/><\/p>\n<p style=\"text-align: center;\"><span style=\"font-size: 10pt;\"><a href=\"https:\/\/answear.ro\/1592500-only-sacou.html\">1.Sacou Only<\/a>\u00a0 \u00a0<a href=\"https:\/\/answear.ro\/1481879-wojas-botine.html\">2.Botine Wojas<\/a>\u00a0 \u00a0<a href=\"https:\/\/answear.ro\/1091269-jacqueline-de-yong-pulover.html\">3.Pulover Jaqueline de Yong<\/a>\u00a0 \u00a0<a href=\"https:\/\/answear.ro\/1612931-answear-poseta.html\">4.Geant\u0103 XXL Answear<\/a>\u00a0 \u00a0<a href=\"https:\/\/answear.ro\/1500022-answear-palton.html\">5.Palton Answear<\/a><\/span><\/p>\n<p><strong>London Fashion Week<\/strong><\/p>\n<p>S\u0103pt\u0103m\u00e2na modei \u00een Londra a fost mereu vibrant\u0103, cu un aer de rebeliune! A\u0219a a fost \u0219i anul acesta. Trendestterii s-au inspirat foarte mult din moda anilor trecu\u021bi, au readus \u00een aten\u021bia tuturor plasa \u0219i p\u0103l\u0103riile de ploaie \u00eent\u00e2lnite foarte des \u00een videoclipurile hip-hop.<\/p>\n<p><img loading=\"lazy\" decoding=\"async\" class=\" wp-image-13810 alignleft\" src=\"https:\/\/answear.ro\/blog\/wp-content\/uploads\/2019\/02\/cizme-albe-london-fashion-week.jpg\" alt=\"\" width=\"256\" height=\"320\" srcset=\"https:\/\/answear.ro\/blog\/wp-content\/uploads\/2019\/02\/cizme-albe-london-fashion-week.jpg 290w, https:\/\/answear.ro\/blog\/wp-content\/uploads\/2019\/02\/cizme-albe-london-fashion-week-120x150.jpg 120w, https:\/\/answear.ro\/blog\/wp-content\/uploads\/2019\/02\/cizme-albe-london-fashion-week-240x300.jpg 240w\" sizes=\"auto, (max-width: 256px) 100vw, 256px\" \/> <img loading=\"lazy\" decoding=\"async\" class=\" wp-image-13811 alignleft\" src=\"https:\/\/answear.ro\/blog\/wp-content\/uploads\/2019\/02\/tinuta-beige-london-fashion-week.jpg\" alt=\"\" width=\"257\" height=\"320\" srcset=\"https:\/\/answear.ro\/blog\/wp-content\/uploads\/2019\/02\/tinuta-beige-london-fashion-week.jpg 290w, https:\/\/answear.ro\/blog\/wp-content\/uploads\/2019\/02\/tinuta-beige-london-fashion-week-120x150.jpg 120w, https:\/\/answear.ro\/blog\/wp-content\/uploads\/2019\/02\/tinuta-beige-london-fashion-week-240x300.jpg 240w\" sizes=\"auto, (max-width: 257px) 100vw, 257px\" \/> <img loading=\"lazy\" decoding=\"async\" class=\" wp-image-13812 alignleft\" src=\"https:\/\/answear.ro\/blog\/wp-content\/uploads\/2019\/02\/trench-beige-london-fashion-week.jpg\" alt=\"\" width=\"254\" height=\"318\" srcset=\"https:\/\/answear.ro\/blog\/wp-content\/uploads\/2019\/02\/trench-beige-london-fashion-week.jpg 290w, https:\/\/answear.ro\/blog\/wp-content\/uploads\/2019\/02\/trench-beige-london-fashion-week-120x150.jpg 120w, https:\/\/answear.ro\/blog\/wp-content\/uploads\/2019\/02\/trench-beige-london-fashion-week-240x300.jpg 240w\" sizes=\"auto, (max-width: 254px) 100vw, 254px\" \/><\/p>\n<p>&nbsp;<\/p>\n<p>&nbsp;<\/p>\n<p>&nbsp;<\/p>\n<p>&nbsp;<\/p>\n<p>&nbsp;<\/p>\n<p>&nbsp;<\/p>\n<p>&nbsp;<\/p>\n<p>&nbsp;<\/p>\n<p>&nbsp;<\/p>\n<p>E\u0219arfele nu au fost doar \u00eenf\u0103\u0219urate \u00een jurul g\u00e2tului, ci acestea s-au purtat \u0219i ca accesoriu suplimentar al gen\u021bilor. F\u0103r\u0103 \u00eendoial\u0103, beige-ul a fost culoarea favorit\u0103 a evenimentului at\u00e2t pe podium c\u00e2t \u0219i printre invita\u021bi \u0219i participan\u021bi. Ar fi o idee foarte bun\u0103 s\u0103 \u00ee\u021bi iei un trench beige dac\u0103 nu ai deja unul \u00een dulap ?.<\/p>\n<p><img loading=\"lazy\" decoding=\"async\" class=\"aligncenter size-full wp-image-13814\" src=\"https:\/\/answear.ro\/blog\/wp-content\/uploads\/2019\/02\/london-fashion-week-tinute-answear.jpg\" alt=\"\" width=\"1280\" height=\"369\" srcset=\"https:\/\/answear.ro\/blog\/wp-content\/uploads\/2019\/02\/london-fashion-week-tinute-answear.jpg 1280w, https:\/\/answear.ro\/blog\/wp-content\/uploads\/2019\/02\/london-fashion-week-tinute-answear-150x43.jpg 150w, https:\/\/answear.ro\/blog\/wp-content\/uploads\/2019\/02\/london-fashion-week-tinute-answear-300x86.jpg 300w, https:\/\/answear.ro\/blog\/wp-content\/uploads\/2019\/02\/london-fashion-week-tinute-answear-1024x295.jpg 1024w, https:\/\/answear.ro\/blog\/wp-content\/uploads\/2019\/02\/london-fashion-week-tinute-answear-620x179.jpg 620w\" sizes=\"auto, (max-width: 1280px) 100vw, 1280px\" \/><\/p>\n<p style=\"text-align: center;\"><span style=\"font-size: 10pt;\"><a href=\"https:\/\/answear.ro\/1599262-mango-esarfa-shackle.html\">1.E\u0219arf\u0103 Mango<\/a>\u00a0 \u00a0\u00a02<a href=\"https:\/\/answear.ro\/1541899-love-moschino-poseta.htmlhttps:\/\/answear.ro\/1541899-love-moschino-poseta.html\">.Po\u0219et\u0103 Love Moschino<\/a>\u00a0 \u00a03<a href=\"https:\/\/answear.ro\/1555837-ellesse-palarie.htmlhttps:\/\/answear.ro\/1555837-ellesse-palarie.html\">.P\u0103l\u0103rie Ellesse<\/a>\u00a0\u00a0 \u00a0<a href=\"https:\/\/answear.ro\/1606244-only-trenci.html\">4.Trench Only<\/a>\u00a0 \u00a0<a href=\"https:\/\/answear.ro\/1575013-answear-pantaloni-battle-of-the-stylists-limited-collection.html\">5.Pantaloni Battle of The Stylists<\/a><\/span><\/p>\n<p><strong>Milan Fashion Week<\/strong><\/p>\n<p>Evenimentul din Milano a fost cu des\u0103v\u00e2r\u0219ire o celebrare a armoniei gusturilor vestimentare. <strong>O ploaie de culori, contraste \u0219i un mix de trenduri din toate timpurile<\/strong>! Nu vorbim aici doar despre show-ul <strong>Gucci<\/strong>, ci \u0219i despre moda stradal\u0103, a te plimba pe str\u0103zile ora\u0219ului fiind poate unul dintre cele mai reu\u0219ite spectacole de mod\u0103!<\/p>\n<p><img loading=\"lazy\" decoding=\"async\" class=\" wp-image-13815 alignleft\" src=\"https:\/\/answear.ro\/blog\/wp-content\/uploads\/2019\/02\/femei-la-milan-fashion-week.jpg\" alt=\"\" width=\"257\" height=\"293\" srcset=\"https:\/\/answear.ro\/blog\/wp-content\/uploads\/2019\/02\/femei-la-milan-fashion-week.jpg 290w, https:\/\/answear.ro\/blog\/wp-content\/uploads\/2019\/02\/femei-la-milan-fashion-week-132x150.jpg 132w, https:\/\/answear.ro\/blog\/wp-content\/uploads\/2019\/02\/femei-la-milan-fashion-week-264x300.jpg 264w\" sizes=\"auto, (max-width: 257px) 100vw, 257px\" \/> <img loading=\"lazy\" decoding=\"async\" class=\" wp-image-13816 alignleft\" src=\"https:\/\/answear.ro\/blog\/wp-content\/uploads\/2019\/02\/rochie-milan-fashion-week.jpg\" alt=\"\" width=\"257\" height=\"293\" srcset=\"https:\/\/answear.ro\/blog\/wp-content\/uploads\/2019\/02\/rochie-milan-fashion-week.jpg 290w, https:\/\/answear.ro\/blog\/wp-content\/uploads\/2019\/02\/rochie-milan-fashion-week-131x150.jpg 131w, https:\/\/answear.ro\/blog\/wp-content\/uploads\/2019\/02\/rochie-milan-fashion-week-263x300.jpg 263w\" sizes=\"auto, (max-width: 257px) 100vw, 257px\" \/> <img loading=\"lazy\" decoding=\"async\" class=\" wp-image-13817 alignleft\" src=\"https:\/\/answear.ro\/blog\/wp-content\/uploads\/2019\/02\/tinuta-milan-fashion-week.jpg\" alt=\"\" width=\"257\" height=\"293\" srcset=\"https:\/\/answear.ro\/blog\/wp-content\/uploads\/2019\/02\/tinuta-milan-fashion-week.jpg 290w, https:\/\/answear.ro\/blog\/wp-content\/uploads\/2019\/02\/tinuta-milan-fashion-week-131x150.jpg 131w, https:\/\/answear.ro\/blog\/wp-content\/uploads\/2019\/02\/tinuta-milan-fashion-week-263x300.jpg 263w\" sizes=\"auto, (max-width: 257px) 100vw, 257px\" \/><\/p>\n<p>&nbsp;<\/p>\n<p>&nbsp;<\/p>\n<p>&nbsp;<\/p>\n<p>&nbsp;<\/p>\n<p>&nbsp;<\/p>\n<p>&nbsp;<\/p>\n<p>&nbsp;<\/p>\n<p>&nbsp;<\/p>\n<p>Fashionistele au mizat pe culori pastelate precum <strong>beige, albastru deschis \u0219i roz pr\u0103fuit<\/strong>, culori ce se vor purta cel mai mult \u00een aceast\u0103 perioad\u0103 de prim\u0103var\u0103. Foarte interesant \u0219i diferit fa\u021b\u0103 de celelalte evenimente este c\u0103 <strong>aten\u021bia se \u00eendreapt\u0103 c\u0103tre partea de sus a \u021binutei<\/strong>: remarc\u0103m\u00a0outfit-uri cu ochelari de soare oversized, m\u00e2neci bufante sau gulere extravagante ale rochiilor sau bluzelor.<\/p>\n<p><img loading=\"lazy\" decoding=\"async\" class=\"aligncenter size-full wp-image-13818\" src=\"https:\/\/answear.ro\/blog\/wp-content\/uploads\/2019\/02\/tinute-milan-fashion-week-answear.jpg\" alt=\"\" width=\"1280\" height=\"373\" srcset=\"https:\/\/answear.ro\/blog\/wp-content\/uploads\/2019\/02\/tinute-milan-fashion-week-answear.jpg 1280w, https:\/\/answear.ro\/blog\/wp-content\/uploads\/2019\/02\/tinute-milan-fashion-week-answear-150x44.jpg 150w, https:\/\/answear.ro\/blog\/wp-content\/uploads\/2019\/02\/tinute-milan-fashion-week-answear-300x87.jpg 300w, https:\/\/answear.ro\/blog\/wp-content\/uploads\/2019\/02\/tinute-milan-fashion-week-answear-1024x298.jpg 1024w, https:\/\/answear.ro\/blog\/wp-content\/uploads\/2019\/02\/tinute-milan-fashion-week-answear-620x181.jpg 620w\" sizes=\"auto, (max-width: 1280px) 100vw, 1280px\" \/><\/p>\n<p style=\"text-align: center;\"><span style=\"font-size: 10pt;\"><a href=\"https:\/\/answear.ro\/1612122-vero-moda-rochie.html\">1.Rochie Vero Moda<\/a>\u00a0 \u00a0<a href=\"https:\/\/answear.ro\/1568338-answear-ochelari.html\">2.Ochelari Answear<\/a>\u00a0 \u00a0<a href=\"https:\/\/answear.ro\/1608420-s-oliver-pumps.html\">3.Pantofi S. Oliver<\/a>\u00a0 \u00a0<a href=\"https:\/\/answear.ro\/1575010-answear-sacou-battle-of-the-stylists-limited-collection.html\">4.Sacou Battle Of The Stylists<\/a>\u00a0 \u00a0<a href=\"https:\/\/answear.ro\/1314731-guess-jeans-bluza-isabel.htmlhttps:\/\/answear.ro\/1314731-guess-jeans-bluza-isabel.html\">5.Bluz\u0103 Guess Jeans<\/a><\/span><\/p>\n<p>A\u0219tept\u0103m cu ner\u0103bdare s\u0103 vedem concluziile \u0219i de la <strong>Paris Fashion Week<\/strong> !<\/p>\n<p>&nbsp;<\/p>\n<p>&nbsp;<\/p>\n<p>*Surse fotografii: Instagram\u00a0<a href=\"https:\/\/www.instagram.com\/thestyleograph\/\">@thestyleograph<\/a>, <a href=\"https:\/\/www.instagram.com\/stylesightworldwide\/\">@stylesightworldwide<\/a>, <a href=\"https:\/\/www.instagram.com\/streetrends\/\">@streetrends<\/a><\/p>\n","protected":false},"excerpt":{"rendered":"<p><span class=\"span-reading-time rt-reading-time\" style=\"display: block;\"><span class=\"rt-label rt-prefix\">Timp de citire <\/span> <span class=\"rt-time\"> 4<\/span> <span class=\"rt-label rt-postfix\">min<\/span><\/span>\u00cen perioada februarie-martie, \u00een \u00eentreaga lume se desf\u0103\u0219oar\u0103 celebrul eveniment Fashion Week, locul unde se \u00eent\u00e2lnesc cele mai hot \u021binute. S\u0103pt\u0103m\u00e2na Modei este o inspira\u021bie nemaipomenit\u0103 pentru moda urban\u0103. Ne-am documentat despre ce s-a \u00eent\u00e2mplat \u00een marile capitale ale modei \u0219i am f\u0103cut un rezumat pentru voi. Cite\u0219te articolul \u0219i inspir\u0103-te din trendurile anului 2019!<\/p>\n","protected":false},"author":39,"featured_media":0,"comment_status":"open","ping_status":"open","sticky":false,"template":"","format":"standard","meta":{"footnotes":""},"categories":[133,85,146,503,234,82,23],"tags":[],"class_list":["post-13805","post","type-post","status-publish","format-standard","hentry","category-bloggeri","category-branduri","category-celebritati","category-get-the-look","category-inspira-te","category-stiri","category-trenduri"],"yoast_head":"<!-- This site is optimized with the Yoast SEO plugin v25.8 - https:\/\/yoast.com\/wordpress\/plugins\/seo\/ -->\n<title>FASHION WEEK \u2013 Inspira\u021bia ta pentru 2019 - Answear<\/title>\n<meta name=\"description\" content=\"\u00cen perioada februarie-martie, \u00een \u00eentreaga lume se desf\u0103\u0219oar\u0103 celebrul eveniment Fashion Week, locul unde se \u00eent\u00e2lnesc cele mai hot \u021binute. S\u0103pt\u0103m\u00e2na Modei\" \/>\n<meta name=\"robots\" content=\"index, follow, max-snippet:-1, max-image-preview:large, max-video-preview:-1\" \/>\n<link rel=\"canonical\" href=\"https:\/\/answear.ro\/blog\/fashion-week-inspiratia-ta-pentru-2019\/13805\" \/>\n<meta property=\"og:locale\" content=\"en_US\" \/>\n<meta property=\"og:type\" content=\"article\" \/>\n<meta property=\"og:title\" content=\"FASHION WEEK \u2013 Inspira\u021bia ta pentru 2019 - Answear\" \/>\n<meta property=\"og:description\" content=\"\u00cen perioada februarie-martie, \u00een \u00eentreaga lume se desf\u0103\u0219oar\u0103 celebrul eveniment Fashion Week, locul unde se \u00eent\u00e2lnesc cele mai hot \u021binute. S\u0103pt\u0103m\u00e2na Modei\" \/>\n<meta property=\"og:url\" content=\"https:\/\/answear.ro\/blog\/fashion-week-inspiratia-ta-pentru-2019\/13805\" \/>\n<meta property=\"og:site_name\" content=\"Answear\" \/>\n<meta property=\"article:published_time\" content=\"2019-02-28T12:12:57+00:00\" \/>\n<meta property=\"article:modified_time\" content=\"2019-02-28T12:29:02+00:00\" \/>\n<meta property=\"og:image\" content=\"https:\/\/answear.ro\/blog\/wp-content\/uploads\/2019\/02\/fashion-week-2019.jpg\" \/>\n<meta name=\"author\" content=\"Georgiana\" \/>\n<meta name=\"twitter:card\" content=\"summary_large_image\" \/>\n<meta name=\"twitter:label1\" content=\"Written by\" \/>\n\t<meta name=\"twitter:data1\" content=\"Georgiana\" \/>\n\t<meta name=\"twitter:label2\" content=\"Est. reading time\" \/>\n\t<meta name=\"twitter:data2\" content=\"3 minutes\" \/>\n<script type=\"application\/ld+json\" class=\"yoast-schema-graph\">{\"@context\":\"https:\/\/schema.org\",\"@graph\":[{\"@type\":\"WebPage\",\"@id\":\"https:\/\/answear.ro\/blog\/fashion-week-inspiratia-ta-pentru-2019\/13805\",\"url\":\"https:\/\/answear.ro\/blog\/fashion-week-inspiratia-ta-pentru-2019\/13805\",\"name\":\"FASHION WEEK \u2013 Inspira\u021bia ta pentru 2019 - Answear\",\"isPartOf\":{\"@id\":\"https:\/\/answear.ro\/blog\/#website\"},\"primaryImageOfPage\":{\"@id\":\"https:\/\/answear.ro\/blog\/fashion-week-inspiratia-ta-pentru-2019\/13805#primaryimage\"},\"image\":{\"@id\":\"https:\/\/answear.ro\/blog\/fashion-week-inspiratia-ta-pentru-2019\/13805#primaryimage\"},\"thumbnailUrl\":\"https:\/\/answear.ro\/blog\/wp-content\/uploads\/2019\/02\/fashion-week-2019.jpg\",\"datePublished\":\"2019-02-28T12:12:57+00:00\",\"dateModified\":\"2019-02-28T12:29:02+00:00\",\"author\":{\"@id\":\"https:\/\/answear.ro\/blog\/#\/schema\/person\/73d5921d2f5be6cd5266fe93e6063d59\"},\"description\":\"\u00cen perioada februarie-martie, \u00een \u00eentreaga lume se desf\u0103\u0219oar\u0103 celebrul eveniment Fashion Week, locul unde se \u00eent\u00e2lnesc cele mai hot \u021binute. S\u0103pt\u0103m\u00e2na Modei\",\"breadcrumb\":{\"@id\":\"https:\/\/answear.ro\/blog\/fashion-week-inspiratia-ta-pentru-2019\/13805#breadcrumb\"},\"inLanguage\":\"en-US\",\"potentialAction\":[{\"@type\":\"ReadAction\",\"target\":[\"https:\/\/answear.ro\/blog\/fashion-week-inspiratia-ta-pentru-2019\/13805\"]}]},{\"@type\":\"ImageObject\",\"inLanguage\":\"en-US\",\"@id\":\"https:\/\/answear.ro\/blog\/fashion-week-inspiratia-ta-pentru-2019\/13805#primaryimage\",\"url\":\"https:\/\/answear.ro\/blog\/wp-content\/uploads\/2019\/02\/fashion-week-2019.jpg\",\"contentUrl\":\"https:\/\/answear.ro\/blog\/wp-content\/uploads\/2019\/02\/fashion-week-2019.jpg\",\"width\":720,\"height\":500},{\"@type\":\"BreadcrumbList\",\"@id\":\"https:\/\/answear.ro\/blog\/fashion-week-inspiratia-ta-pentru-2019\/13805#breadcrumb\",\"itemListElement\":[{\"@type\":\"ListItem\",\"position\":1,\"name\":\"Home\",\"item\":\"https:\/\/answear.ro\/blog\/\"},{\"@type\":\"ListItem\",\"position\":2,\"name\":\"FASHION WEEK \u2013 Inspira\u021bia ta pentru 2019\"}]},{\"@type\":\"WebSite\",\"@id\":\"https:\/\/answear.ro\/blog\/#website\",\"url\":\"https:\/\/answear.ro\/blog\/\",\"name\":\"Answear\",\"description\":\"\",\"potentialAction\":[{\"@type\":\"SearchAction\",\"target\":{\"@type\":\"EntryPoint\",\"urlTemplate\":\"https:\/\/answear.ro\/blog\/?s={search_term_string}\"},\"query-input\":{\"@type\":\"PropertyValueSpecification\",\"valueRequired\":true,\"valueName\":\"search_term_string\"}}],\"inLanguage\":\"en-US\"},{\"@type\":\"Person\",\"@id\":\"https:\/\/answear.ro\/blog\/#\/schema\/person\/73d5921d2f5be6cd5266fe93e6063d59\",\"name\":\"Georgiana\",\"image\":{\"@type\":\"ImageObject\",\"inLanguage\":\"en-US\",\"@id\":\"https:\/\/answear.ro\/blog\/#\/schema\/person\/image\/\",\"url\":\"https:\/\/secure.gravatar.com\/avatar\/f5d4966c2e2d2226b8cfe4a6bbf73bd01e72ed31c49410c7725262cf815c39f6?s=96&r=g\",\"contentUrl\":\"https:\/\/secure.gravatar.com\/avatar\/f5d4966c2e2d2226b8cfe4a6bbf73bd01e72ed31c49410c7725262cf815c39f6?s=96&r=g\",\"caption\":\"Georgiana\"},\"url\":\"https:\/\/answear.ro\/blog\/author\/georgiana_pana\"}]}<\/script>\n<!-- \/ Yoast SEO plugin. -->","yoast_head_json":{"title":"FASHION WEEK \u2013 Inspira\u021bia ta pentru 2019 - Answear","description":"\u00cen perioada februarie-martie, \u00een \u00eentreaga lume se desf\u0103\u0219oar\u0103 celebrul eveniment Fashion Week, locul unde se \u00eent\u00e2lnesc cele mai hot \u021binute. S\u0103pt\u0103m\u00e2na Modei","robots":{"index":"index","follow":"follow","max-snippet":"max-snippet:-1","max-image-preview":"max-image-preview:large","max-video-preview":"max-video-preview:-1"},"canonical":"https:\/\/answear.ro\/blog\/fashion-week-inspiratia-ta-pentru-2019\/13805","og_locale":"en_US","og_type":"article","og_title":"FASHION WEEK \u2013 Inspira\u021bia ta pentru 2019 - Answear","og_description":"\u00cen perioada februarie-martie, \u00een \u00eentreaga lume se desf\u0103\u0219oar\u0103 celebrul eveniment Fashion Week, locul unde se \u00eent\u00e2lnesc cele mai hot \u021binute. S\u0103pt\u0103m\u00e2na Modei","og_url":"https:\/\/answear.ro\/blog\/fashion-week-inspiratia-ta-pentru-2019\/13805","og_site_name":"Answear","article_published_time":"2019-02-28T12:12:57+00:00","article_modified_time":"2019-02-28T12:29:02+00:00","og_image":[{"url":"https:\/\/answear.ro\/blog\/wp-content\/uploads\/2019\/02\/fashion-week-2019.jpg","type":"","width":"","height":""}],"author":"Georgiana","twitter_card":"summary_large_image","twitter_misc":{"Written by":"Georgiana","Est. reading time":"3 minutes"},"schema":{"@context":"https:\/\/schema.org","@graph":[{"@type":"WebPage","@id":"https:\/\/answear.ro\/blog\/fashion-week-inspiratia-ta-pentru-2019\/13805","url":"https:\/\/answear.ro\/blog\/fashion-week-inspiratia-ta-pentru-2019\/13805","name":"FASHION WEEK \u2013 Inspira\u021bia ta pentru 2019 - Answear","isPartOf":{"@id":"https:\/\/answear.ro\/blog\/#website"},"primaryImageOfPage":{"@id":"https:\/\/answear.ro\/blog\/fashion-week-inspiratia-ta-pentru-2019\/13805#primaryimage"},"image":{"@id":"https:\/\/answear.ro\/blog\/fashion-week-inspiratia-ta-pentru-2019\/13805#primaryimage"},"thumbnailUrl":"https:\/\/answear.ro\/blog\/wp-content\/uploads\/2019\/02\/fashion-week-2019.jpg","datePublished":"2019-02-28T12:12:57+00:00","dateModified":"2019-02-28T12:29:02+00:00","author":{"@id":"https:\/\/answear.ro\/blog\/#\/schema\/person\/73d5921d2f5be6cd5266fe93e6063d59"},"description":"\u00cen perioada februarie-martie, \u00een \u00eentreaga lume se desf\u0103\u0219oar\u0103 celebrul eveniment Fashion Week, locul unde se \u00eent\u00e2lnesc cele mai hot \u021binute. S\u0103pt\u0103m\u00e2na Modei","breadcrumb":{"@id":"https:\/\/answear.ro\/blog\/fashion-week-inspiratia-ta-pentru-2019\/13805#breadcrumb"},"inLanguage":"en-US","potentialAction":[{"@type":"ReadAction","target":["https:\/\/answear.ro\/blog\/fashion-week-inspiratia-ta-pentru-2019\/13805"]}]},{"@type":"ImageObject","inLanguage":"en-US","@id":"https:\/\/answear.ro\/blog\/fashion-week-inspiratia-ta-pentru-2019\/13805#primaryimage","url":"https:\/\/answear.ro\/blog\/wp-content\/uploads\/2019\/02\/fashion-week-2019.jpg","contentUrl":"https:\/\/answear.ro\/blog\/wp-content\/uploads\/2019\/02\/fashion-week-2019.jpg","width":720,"height":500},{"@type":"BreadcrumbList","@id":"https:\/\/answear.ro\/blog\/fashion-week-inspiratia-ta-pentru-2019\/13805#breadcrumb","itemListElement":[{"@type":"ListItem","position":1,"name":"Home","item":"https:\/\/answear.ro\/blog\/"},{"@type":"ListItem","position":2,"name":"FASHION WEEK \u2013 Inspira\u021bia ta pentru 2019"}]},{"@type":"WebSite","@id":"https:\/\/answear.ro\/blog\/#website","url":"https:\/\/answear.ro\/blog\/","name":"Answear","description":"","potentialAction":[{"@type":"SearchAction","target":{"@type":"EntryPoint","urlTemplate":"https:\/\/answear.ro\/blog\/?s={search_term_string}"},"query-input":{"@type":"PropertyValueSpecification","valueRequired":true,"valueName":"search_term_string"}}],"inLanguage":"en-US"},{"@type":"Person","@id":"https:\/\/answear.ro\/blog\/#\/schema\/person\/73d5921d2f5be6cd5266fe93e6063d59","name":"Georgiana","image":{"@type":"ImageObject","inLanguage":"en-US","@id":"https:\/\/answear.ro\/blog\/#\/schema\/person\/image\/","url":"https:\/\/secure.gravatar.com\/avatar\/f5d4966c2e2d2226b8cfe4a6bbf73bd01e72ed31c49410c7725262cf815c39f6?s=96&r=g","contentUrl":"https:\/\/secure.gravatar.com\/avatar\/f5d4966c2e2d2226b8cfe4a6bbf73bd01e72ed31c49410c7725262cf815c39f6?s=96&r=g","caption":"Georgiana"},"url":"https:\/\/answear.ro\/blog\/author\/georgiana_pana"}]}},"_links":{"self":[{"href":"https:\/\/answear.ro\/blog\/wp-json\/wp\/v2\/posts\/13805","targetHints":{"allow":["GET"]}}],"collection":[{"href":"https:\/\/answear.ro\/blog\/wp-json\/wp\/v2\/posts"}],"about":[{"href":"https:\/\/answear.ro\/blog\/wp-json\/wp\/v2\/types\/post"}],"author":[{"embeddable":true,"href":"https:\/\/answear.ro\/blog\/wp-json\/wp\/v2\/users\/39"}],"replies":[{"embeddable":true,"href":"https:\/\/answear.ro\/blog\/wp-json\/wp\/v2\/comments?post=13805"}],"version-history":[{"count":4,"href":"https:\/\/answear.ro\/blog\/wp-json\/wp\/v2\/posts\/13805\/revisions"}],"predecessor-version":[{"id":13822,"href":"https:\/\/answear.ro\/blog\/wp-json\/wp\/v2\/posts\/13805\/revisions\/13822"}],"wp:attachment":[{"href":"https:\/\/answear.ro\/blog\/wp-json\/wp\/v2\/media?parent=13805"}],"wp:term":[{"taxonomy":"category","embeddable":true,"href":"https:\/\/answear.ro\/blog\/wp-json\/wp\/v2\/categories?post=13805"},{"taxonomy":"post_tag","embeddable":true,"href":"https:\/\/answear.ro\/blog\/wp-json\/wp\/v2\/tags?post=13805"}],"curies":[{"name":"wp","href":"https:\/\/api.w.org\/{rel}","templated":true}]}}