{"id":14198,"date":"2019-06-11T15:06:24","date_gmt":"2019-06-11T12:06:24","guid":{"rendered":"https:\/\/answear.ro\/blog\/?p=14198"},"modified":"2019-06-11T16:12:05","modified_gmt":"2019-06-11T13:12:05","slug":"ce-nu-trebuie-sa-lipseasca-din-bagajul-de-vacanta","status":"publish","type":"post","link":"https:\/\/answear.ro\/blog\/ce-nu-trebuie-sa-lipseasca-din-bagajul-de-vacanta\/14198","title":{"rendered":"Ce nu trebuie s\u0103 lipseasc\u0103 din bagajul de vacan\u021b\u0103?"},"content":{"rendered":"<span class=\"span-reading-time rt-reading-time\" style=\"display: block;\"><span class=\"rt-label rt-prefix\">Timp de citire <\/span> <span class=\"rt-time\"> 4<\/span> <span class=\"rt-label rt-postfix\">min<\/span><\/span><p><strong>Acesta este ultimul clopo\u021bel (\u0219i nu vorbim doar de cel \u0219colar) pentru a-\u021bi planifica concediul de var\u0103. Sigur nu \u021bi-ai f\u0103cut \u00eenc\u0103 bagajul, a\u0219a c\u0103 hai s\u0103 \u00eel facem \u00eempreun\u0103 \u2013 afl\u0103 ce nu trebuie s\u0103 lipseasc\u0103 din bagajul de vacan\u021b\u0103!<\/strong><\/p>\n<p><img loading=\"lazy\" decoding=\"async\" class=\"alignnone size-full wp-image-14199\" src=\"https:\/\/answear.ro\/blog\/wp-content\/uploads\/2019\/06\/cover_ro.jpg\" alt=\"\" width=\"1024\" height=\"536\" srcset=\"https:\/\/answear.ro\/blog\/wp-content\/uploads\/2019\/06\/cover_ro.jpg 1024w, https:\/\/answear.ro\/blog\/wp-content\/uploads\/2019\/06\/cover_ro-150x79.jpg 150w, https:\/\/answear.ro\/blog\/wp-content\/uploads\/2019\/06\/cover_ro-300x157.jpg 300w, https:\/\/answear.ro\/blog\/wp-content\/uploads\/2019\/06\/cover_ro-620x325.jpg 620w\" sizes=\"auto, (max-width: 1024px) 100vw, 1024px\" \/><\/p>\n<p><!--more--><\/p>\n<p><strong>Costum de baie nu numai pentru plaj\u0103<\/strong><\/p>\n<p>Dac\u0103 mergi \u00eentr-o sta\u021biune pe litoral, normal c\u0103 \u00ee\u021bi vei lua <a href=\"https:\/\/answear.ro\/p\/costume-de-baie-2525-k.html\/costume-de-baie,costume_de_baie,doua_piese,intreg\/p-1\/r-60\/o-n\/s-2526,7983,7982\"><strong>costumul de baie<\/strong><\/a>. Noi \u00ee\u021bi recomand\u0103m \u00eens\u0103 s\u0103 \u00eel iei cu tine indiferent unde te duci \u00een vacan\u021b\u0103: nu ocup\u0103 mult loc \u00een bagaj \u0219i nu ai de unde s\u0103 \u0219tii\u00a0c\u00e2nd vei avea nevoie de el. Poate merge\u021bi la munte \u0219i g\u0103si\u021bi un lac superb cu o priveli\u0219te de poveste, sau \u00een ora\u0219ul pe care \u00eel vizitezi se \u021bine o super petrecere \u00eentr-o loca\u021bie cu piscin\u0103.<\/p>\n<p>Pe l\u00e2ng\u0103 func\u021bionalitatea costumului de baie, alege unul care s\u0103 te fac\u0103 s\u0103 te sim\u021bi bine purt\u00e2ndu-l, doar e\u0219ti \u00een vacan\u021b\u0103, nimic nu trebuie s\u0103 \u00ee\u021bi strice buna dispozi\u021bie! A\u0219adar: alege un costum care <strong>s\u0103 \u00ee\u021bi avantajeze forma corpului<\/strong> \u2013 dou\u0103 piese sau \u00eentreg. \u00cen al doilea r\u00e2nd, modelul pe care \u021bi-l alegi ar fi de preferat s\u0103 fie actual: <strong>culori neon, logo-ul brandului c\u00e2t mai vizibil<\/strong> sau <strong>motivele tropicale<\/strong> sunt \u00een trend anul acesta. Nu te teme s\u0103 incluzi costumul de baie \u00een outfit-ul t\u0103u de vacan\u021b\u0103! Combinat corespunz\u0103tor, po\u021bi merge pe strad\u0103 \u00eembr\u0103cat\u0103 \u00een costum de baie asortat cu o fust\u0103 sau <a href=\"https:\/\/answear.ro\/p\/pantaloni-scurti-2382-k.html\/pantaloni-scurti\/p-1\/r-60\/o-n\/fs-tip-92\">pantaloni scur\u021bi din denim<\/a>.<\/p>\n<p>Trecem repede peste capitolul \u201dhaine\u201d cu o singur\u0103 men\u021biune: pune-\u021bi \u00een bagaj <strong>cele mai frumoase articole<\/strong> pe care le ai, cele care \u00ee\u021bi aduc cea mai mare bucurie atunci c\u00e2nd le por\u021bi. Dac\u0103 zilnic te duci la munc\u0103 \u00eembr\u0103cat\u0103 \u00een jean\u0219i, \u00een vacan\u021b\u0103 mergi numai \u00een rochii sau pantaloni scur\u021bi \u0219i tot a\u0219a. Profit\u0103 de concediu \u0219i poart\u0103 acele haine de care te-ai s\u0103turat s\u0103 le vezi numai pe umera\u0219, \u00een dulap.<\/p>\n<p><img loading=\"lazy\" decoding=\"async\" class=\"alignnone size-full wp-image-14200\" src=\"https:\/\/answear.ro\/blog\/wp-content\/uploads\/2019\/06\/2-1.jpg\" alt=\"\" width=\"920\" height=\"278\" srcset=\"https:\/\/answear.ro\/blog\/wp-content\/uploads\/2019\/06\/2-1.jpg 920w, https:\/\/answear.ro\/blog\/wp-content\/uploads\/2019\/06\/2-1-150x45.jpg 150w, https:\/\/answear.ro\/blog\/wp-content\/uploads\/2019\/06\/2-1-300x91.jpg 300w, https:\/\/answear.ro\/blog\/wp-content\/uploads\/2019\/06\/2-1-620x187.jpg 620w\" sizes=\"auto, (max-width: 920px) 100vw, 920px\" \/><\/p>\n<p style=\"text-align: center;\"><span style=\"font-size: 10pt;\"><a href=\"https:\/\/answear.ro\/1685147-roxy-stroj-kapielowy.html\">1.Costum de baie, Roxy<\/a>\u00a0 \u00a0<a href=\"https:\/\/answear.ro\/1558501-ellesse-stroj-kapielowy.html\">2.Costum de baie, Ellesse<\/a>\u00a0 \u00a0<a href=\"https:\/\/answear.ro\/1645359-tommy-jeans-koszula.html\">3.C\u0103ma\u0219\u0103, Tommy Jeans<\/a>\u00a0 \u00a0<a href=\"https:\/\/answear.ro\/1721850-jacqueline-de-yong-rochie.html\">4.Rochie, Jaqueline de Yong<\/a>\u00a0 \u00a0<a href=\"https:\/\/answear.ro\/1722219-levi-s-pantaloni-scurti.html\">5.Pantaloni, Levi&#8217;s<\/a>\u00a0 \u00a0<\/span><\/p>\n<p><a href=\"https:\/\/answear.ro\/1558501-ellesse-stroj-kapielowy.html\"><img loading=\"lazy\" decoding=\"async\" class=\"alignnone size-full wp-image-14201\" src=\"https:\/\/answear.ro\/blog\/wp-content\/uploads\/2019\/06\/3-1.jpg\" alt=\"\" width=\"920\" height=\"376\" srcset=\"https:\/\/answear.ro\/blog\/wp-content\/uploads\/2019\/06\/3-1.jpg 920w, https:\/\/answear.ro\/blog\/wp-content\/uploads\/2019\/06\/3-1-150x61.jpg 150w, https:\/\/answear.ro\/blog\/wp-content\/uploads\/2019\/06\/3-1-300x123.jpg 300w, https:\/\/answear.ro\/blog\/wp-content\/uploads\/2019\/06\/3-1-620x253.jpg 620w\" sizes=\"auto, (max-width: 920px) 100vw, 920px\" \/><\/a><\/p>\n<p><strong>\u0218lapi, sneaker\u0219i \u0219i espadrile<\/strong><\/p>\n<p>S\u0103 trecem la \u00eenc\u0103l\u021b\u0103minte \u2013 dac\u0103 nu \u00ee\u021bi iei \u00eenc\u0103l\u021b\u0103ri comode, po\u021bi s\u0103-\u021bi iei la revedere de la o vacan\u021b\u0103 reu\u0219it\u0103. Pentru zilele toride de var\u0103, <a href=\"https:\/\/answear.ro\/p\/papuci-si-sandale-2692-k.html\"><strong>\u0219lapii \u0219i\u00a0 sandalele<\/strong><\/a> sunt cea mai bun\u0103 alegere. \u00a0Ai mare grij\u0103 la b\u0103t\u0103turi \u2013 cel mai bine evit\u0103 s\u0103 por\u021bi sandale noi \u00een concediu, mai bine f\u0103-le proba purt\u00e2ndu-le c\u00e2teva zile \u00eenainte de vacan\u021b\u0103. De asemenea, dac\u0103 \u00ee\u021bi dore\u0219ti \u00eenc\u0103l\u021b\u0103minte cu degetele acoperite, <a href=\"https:\/\/answear.ro\/p\/espadrile-7673-k.html\"><strong>espadrilele<\/strong><\/a> de var\u0103 sunt foarte trendy \u0219i se potrivesc \u00eentr-o mul\u021bime de combina\u021bii. Desigur, nu uita de sneaker\u0219i! Dac\u0103 \u00ee\u021bi petreci vacan\u021ba la munte, vei avea nevoie de echipament adecvat, chiar dac\u0103 este var\u0103. \u021aine minte: confortul \u00een vacan\u021b\u0103 vine \u00een primul r\u00e2nd de la \u00eenc\u0103l\u021b\u0103ri!<\/p>\n<p><img loading=\"lazy\" decoding=\"async\" class=\"alignnone size-full wp-image-14202\" src=\"https:\/\/answear.ro\/blog\/wp-content\/uploads\/2019\/06\/4.jpg\" alt=\"\" width=\"920\" height=\"820\" srcset=\"https:\/\/answear.ro\/blog\/wp-content\/uploads\/2019\/06\/4.jpg 920w, https:\/\/answear.ro\/blog\/wp-content\/uploads\/2019\/06\/4-150x134.jpg 150w, https:\/\/answear.ro\/blog\/wp-content\/uploads\/2019\/06\/4-300x267.jpg 300w, https:\/\/answear.ro\/blog\/wp-content\/uploads\/2019\/06\/4-620x553.jpg 620w\" sizes=\"auto, (max-width: 920px) 100vw, 920px\" \/><\/p>\n<p><img loading=\"lazy\" decoding=\"async\" class=\"alignnone size-full wp-image-14203\" src=\"https:\/\/answear.ro\/blog\/wp-content\/uploads\/2019\/06\/5.jpg\" alt=\"\" width=\"920\" height=\"291\" srcset=\"https:\/\/answear.ro\/blog\/wp-content\/uploads\/2019\/06\/5.jpg 920w, https:\/\/answear.ro\/blog\/wp-content\/uploads\/2019\/06\/5-150x47.jpg 150w, https:\/\/answear.ro\/blog\/wp-content\/uploads\/2019\/06\/5-300x95.jpg 300w, https:\/\/answear.ro\/blog\/wp-content\/uploads\/2019\/06\/5-620x196.jpg 620w\" sizes=\"auto, (max-width: 920px) 100vw, 920px\" \/><\/p>\n<p style=\"text-align: center;\"><span style=\"font-size: 10pt;\"><a href=\"https:\/\/answear.ro\/1515450-answear-papuci.html\">1.Papuci, Answear<\/a>\u00a0 \u00a0<a href=\"https:\/\/answear.ro\/1670668-tamaris-japonki.html\">2.\u0218lapi, Tamaris<\/a>\u00a0 \u00a0<a href=\"https:\/\/answear.ro\/1721534-answear-buty.html\">3.Pantofi sport, Answear<\/a>\u00a0 \u00a0<a href=\"https:\/\/answear.ro\/1540670-karl-lagerfeld-sandaly.html\">4.Sandale, Karl Lagerfeld<\/a>\u00a0 \u00a0<a href=\"https:\/\/answear.ro\/1655940-baldowski-papuci.html\">5.Papuci, Baldowski<\/a><\/span><\/p>\n<p><strong>Accesorii de vacan\u021b\u0103 <\/strong><\/p>\n<p>C\u00e2nd \u00ee\u021bi faci planurile pentru vacan\u021ba de var\u0103, cu siguran\u021b\u0103 nu optezi pentru locuri unde plou\u0103 mult sau este frig. Soarele te va urm\u0103ri peste tot, a\u0219a c\u0103 <a href=\"https:\/\/answear.ro\/p\/ochelari-de-soare-2530-k.html\"><strong>ochelarii de soare<\/strong> <\/a>reprezint\u0103 primul accesoriu care nu trebuie s\u0103 lipseasc\u0103 din bagaj. Dac\u0103 tot e\u0219ti nevoit\u0103 s\u0103 \u00eei por\u021bi, alege o pereche fashion, la mod\u0103, s\u0103 te sim\u021bi genial c\u00e2nd \u00eei afi\u0219ezi: colora\u021bi, negri, cu ram\u0103 sub\u021bire sau groas\u0103, \u00een toate formele posibile. Se poart\u0103 foarte mult acum <strong>modelele retro<\/strong>. Investe\u0219te, de asemenea, \u00eentr-o <a href=\"https:\/\/answear.ro\/p\/caciuli-si-sepci-2352-k.html\/caciuli-si-sepci,palarii\/p-1\/r-60\/o-phl\/s-2354\"><strong>p\u0103l\u0103rie<\/strong><\/a> cu boruri mari care va atrage toate privirile \u0219i te va \u0219i feri de soare \u00een acela\u0219i timp. Desigur, <a href=\"https:\/\/answear.ro\/p\/genti-de-umar-226-k.html\/genti-de-umar\/p-1\/r-60\/o-n\/fs-tip-146,147\"><strong>geanta<\/strong><\/a> va fi prietena ta de n\u0103dejde \u00een aceast\u0103 vacan\u021b\u0103! Acolo vei pune toate accesoriile \u0219i necesit\u0103\u021bile tale, \u0219i v\u0103 ve\u021bi afi\u0219a \u00eempreun\u0103 \u00een toate fotografiile, a\u0219a c\u0103 neap\u0103rat trebuie s\u0103 fie o geant\u0103 pe m\u0103sura vacan\u021bei! Cele care inspir\u0103 cel mai mult libertatea \u0219i briza m\u0103rii sunt, desigur, <strong>gen\u021bile cu motive nautica<\/strong>, dar \u0219i cele din <strong>rafie<\/strong>.<\/p>\n<p><img loading=\"lazy\" decoding=\"async\" class=\"alignnone size-full wp-image-14204\" src=\"https:\/\/answear.ro\/blog\/wp-content\/uploads\/2019\/06\/6.jpg\" alt=\"\" width=\"920\" height=\"589\" srcset=\"https:\/\/answear.ro\/blog\/wp-content\/uploads\/2019\/06\/6.jpg 920w, https:\/\/answear.ro\/blog\/wp-content\/uploads\/2019\/06\/6-150x96.jpg 150w, https:\/\/answear.ro\/blog\/wp-content\/uploads\/2019\/06\/6-300x192.jpg 300w, https:\/\/answear.ro\/blog\/wp-content\/uploads\/2019\/06\/6-620x397.jpg 620w\" sizes=\"auto, (max-width: 920px) 100vw, 920px\" \/><\/p>\n<p><img loading=\"lazy\" decoding=\"async\" class=\"alignnone size-full wp-image-14205\" src=\"https:\/\/answear.ro\/blog\/wp-content\/uploads\/2019\/06\/7.jpg\" alt=\"\" width=\"920\" height=\"279\" srcset=\"https:\/\/answear.ro\/blog\/wp-content\/uploads\/2019\/06\/7.jpg 920w, https:\/\/answear.ro\/blog\/wp-content\/uploads\/2019\/06\/7-150x45.jpg 150w, https:\/\/answear.ro\/blog\/wp-content\/uploads\/2019\/06\/7-300x91.jpg 300w, https:\/\/answear.ro\/blog\/wp-content\/uploads\/2019\/06\/7-620x188.jpg 620w\" sizes=\"auto, (max-width: 920px) 100vw, 920px\" \/><\/p>\n<p style=\"text-align: center;\"><span style=\"font-size: 10pt;\"><a href=\"https:\/\/answear.ro\/1649298-answear-okulary.html\">1.Ochelari, Answear<\/a>\u00a0 \u00a0<a href=\"https:\/\/answear.ro\/1575635-calvin-klein-czapka.html\">2.\u0218apc\u0103, Calvin Klein<\/a>\u00a0 \u00a0<a href=\"https:\/\/answear.ro\/789109-vogue-eyewear-okulary.html\">3.Ochelari, Vogue Eyewear<\/a>\u00a0 \u00a0<a href=\"https:\/\/answear.ro\/1713795-haily-s-okulary.html\">4.Ochelari, Haily&#8217;s<\/a>\u00a0 <a href=\"https:\/\/answear.ro\/1692088-answear-kapelusz.html\">\u00a05.P\u0103l\u0103rie, Answear<\/a><\/span><\/p>\n<p><img loading=\"lazy\" decoding=\"async\" class=\"alignnone size-full wp-image-14206\" src=\"https:\/\/answear.ro\/blog\/wp-content\/uploads\/2019\/06\/8.jpg\" alt=\"\" width=\"920\" height=\"295\" srcset=\"https:\/\/answear.ro\/blog\/wp-content\/uploads\/2019\/06\/8.jpg 920w, https:\/\/answear.ro\/blog\/wp-content\/uploads\/2019\/06\/8-150x48.jpg 150w, https:\/\/answear.ro\/blog\/wp-content\/uploads\/2019\/06\/8-300x96.jpg 300w, https:\/\/answear.ro\/blog\/wp-content\/uploads\/2019\/06\/8-620x199.jpg 620w\" sizes=\"auto, (max-width: 920px) 100vw, 920px\" \/><\/p>\n<p style=\"text-align: center;\"><span style=\"font-size: 10pt;\"><a href=\"https:\/\/answear.ro\/1687219-triumph-recznik-plazowy.html\">1.Prosop, Triumph<\/a>\u00a0 \u00a0<a href=\"https:\/\/answear.ro\/1448554-mi-pac-kosmetyczka.html\">2.Portfard, Mi-Pac\u00a0<\/a> \u00a0<a href=\"https:\/\/answear.ro\/1694318-answear-torebka.html\">3.Po\u0219et\u0103, Answear<\/a>\u00a0 \u00a0<a href=\"https:\/\/answear.ro\/1604963-answear-torebka.html\">4.Po\u0219et\u0103, Answear<\/a>\u00a0 \u00a0<a href=\"https:\/\/answear.ro\/1618243-medicine-walizka-basic-48-3-l.html\">5.Valiz\u0103, Medicine<\/a><\/span><\/p>\n<p>&nbsp;<\/p>\n<p>Ce crezi c\u0103 mai trebuie s\u0103 fie nelipsit din bagajul de vacan\u021b\u0103? A\u0219tept\u0103m comentariile voastre!<\/p>\n","protected":false},"excerpt":{"rendered":"<p><span class=\"span-reading-time rt-reading-time\" style=\"display: block;\"><span class=\"rt-label rt-prefix\">Timp de citire <\/span> <span class=\"rt-time\"> 4<\/span> <span class=\"rt-label rt-postfix\">min<\/span><\/span>Acesta este ultimul clopo\u021bel (\u0219i nu vorbim doar de cel \u0219colar) pentru a-\u021bi planifica concediul de var\u0103. Sigur nu \u021bi-ai f\u0103cut \u00eenc\u0103 bagajul, a\u0219a c\u0103 hai s\u0103 \u00eel facem \u00eempreun\u0103 \u2013 afl\u0103 ce nu trebuie s\u0103 lipseasc\u0103 din bagajul de vacan\u021b\u0103!<\/p>\n","protected":false},"author":39,"featured_media":0,"comment_status":"open","ping_status":"open","sticky":false,"template":"","format":"standard","meta":{"footnotes":""},"categories":[234,145],"tags":[],"class_list":["post-14198","post","type-post","status-publish","format-standard","hentry","category-inspira-te","category-inspiratie"],"yoast_head":"<!-- This site is optimized with the Yoast SEO plugin v25.8 - https:\/\/yoast.com\/wordpress\/plugins\/seo\/ -->\n<title>Ce nu trebuie s\u0103 lipseasc\u0103 din bagajul de vacan\u021b\u0103? - Answear<\/title>\n<meta name=\"description\" content=\"Acesta este ultimul clopo\u021bel (\u0219i nu vorbim doar de cel \u0219colar) pentru a-\u021bi planifica concediul de var\u0103. Sigur nu \u021bi-ai f\u0103cut \u00eenc\u0103 bagajul, a\u0219a c\u0103 hai s\u0103\" \/>\n<meta name=\"robots\" content=\"index, follow, max-snippet:-1, max-image-preview:large, max-video-preview:-1\" \/>\n<link rel=\"canonical\" href=\"https:\/\/answear.ro\/blog\/ce-nu-trebuie-sa-lipseasca-din-bagajul-de-vacanta\/14198\" \/>\n<meta property=\"og:locale\" content=\"en_US\" \/>\n<meta property=\"og:type\" content=\"article\" \/>\n<meta property=\"og:title\" content=\"Ce nu trebuie s\u0103 lipseasc\u0103 din bagajul de vacan\u021b\u0103? - Answear\" \/>\n<meta property=\"og:description\" content=\"Acesta este ultimul clopo\u021bel (\u0219i nu vorbim doar de cel \u0219colar) pentru a-\u021bi planifica concediul de var\u0103. Sigur nu \u021bi-ai f\u0103cut \u00eenc\u0103 bagajul, a\u0219a c\u0103 hai s\u0103\" \/>\n<meta property=\"og:url\" content=\"https:\/\/answear.ro\/blog\/ce-nu-trebuie-sa-lipseasca-din-bagajul-de-vacanta\/14198\" \/>\n<meta property=\"og:site_name\" content=\"Answear\" \/>\n<meta property=\"article:published_time\" content=\"2019-06-11T12:06:24+00:00\" \/>\n<meta property=\"article:modified_time\" content=\"2019-06-11T13:12:05+00:00\" \/>\n<meta property=\"og:image\" content=\"https:\/\/answear.ro\/blog\/wp-content\/uploads\/2019\/06\/cover_ro.jpg\" \/>\n<meta name=\"author\" content=\"Georgiana\" \/>\n<meta name=\"twitter:card\" content=\"summary_large_image\" \/>\n<meta name=\"twitter:label1\" content=\"Written by\" \/>\n\t<meta name=\"twitter:data1\" content=\"Georgiana\" \/>\n\t<meta name=\"twitter:label2\" content=\"Est. reading time\" \/>\n\t<meta name=\"twitter:data2\" content=\"4 minutes\" \/>\n<script type=\"application\/ld+json\" class=\"yoast-schema-graph\">{\"@context\":\"https:\/\/schema.org\",\"@graph\":[{\"@type\":\"WebPage\",\"@id\":\"https:\/\/answear.ro\/blog\/ce-nu-trebuie-sa-lipseasca-din-bagajul-de-vacanta\/14198\",\"url\":\"https:\/\/answear.ro\/blog\/ce-nu-trebuie-sa-lipseasca-din-bagajul-de-vacanta\/14198\",\"name\":\"Ce nu trebuie s\u0103 lipseasc\u0103 din bagajul de vacan\u021b\u0103? - Answear\",\"isPartOf\":{\"@id\":\"https:\/\/answear.ro\/blog\/#website\"},\"primaryImageOfPage\":{\"@id\":\"https:\/\/answear.ro\/blog\/ce-nu-trebuie-sa-lipseasca-din-bagajul-de-vacanta\/14198#primaryimage\"},\"image\":{\"@id\":\"https:\/\/answear.ro\/blog\/ce-nu-trebuie-sa-lipseasca-din-bagajul-de-vacanta\/14198#primaryimage\"},\"thumbnailUrl\":\"https:\/\/answear.ro\/blog\/wp-content\/uploads\/2019\/06\/cover_ro.jpg\",\"datePublished\":\"2019-06-11T12:06:24+00:00\",\"dateModified\":\"2019-06-11T13:12:05+00:00\",\"author\":{\"@id\":\"https:\/\/answear.ro\/blog\/#\/schema\/person\/73d5921d2f5be6cd5266fe93e6063d59\"},\"description\":\"Acesta este ultimul clopo\u021bel (\u0219i nu vorbim doar de cel \u0219colar) pentru a-\u021bi planifica concediul de var\u0103. Sigur nu \u021bi-ai f\u0103cut \u00eenc\u0103 bagajul, a\u0219a c\u0103 hai s\u0103\",\"breadcrumb\":{\"@id\":\"https:\/\/answear.ro\/blog\/ce-nu-trebuie-sa-lipseasca-din-bagajul-de-vacanta\/14198#breadcrumb\"},\"inLanguage\":\"en-US\",\"potentialAction\":[{\"@type\":\"ReadAction\",\"target\":[\"https:\/\/answear.ro\/blog\/ce-nu-trebuie-sa-lipseasca-din-bagajul-de-vacanta\/14198\"]}]},{\"@type\":\"ImageObject\",\"inLanguage\":\"en-US\",\"@id\":\"https:\/\/answear.ro\/blog\/ce-nu-trebuie-sa-lipseasca-din-bagajul-de-vacanta\/14198#primaryimage\",\"url\":\"https:\/\/answear.ro\/blog\/wp-content\/uploads\/2019\/06\/cover_ro.jpg\",\"contentUrl\":\"https:\/\/answear.ro\/blog\/wp-content\/uploads\/2019\/06\/cover_ro.jpg\",\"width\":1024,\"height\":536},{\"@type\":\"BreadcrumbList\",\"@id\":\"https:\/\/answear.ro\/blog\/ce-nu-trebuie-sa-lipseasca-din-bagajul-de-vacanta\/14198#breadcrumb\",\"itemListElement\":[{\"@type\":\"ListItem\",\"position\":1,\"name\":\"Home\",\"item\":\"https:\/\/answear.ro\/blog\/\"},{\"@type\":\"ListItem\",\"position\":2,\"name\":\"Ce nu trebuie s\u0103 lipseasc\u0103 din bagajul de vacan\u021b\u0103?\"}]},{\"@type\":\"WebSite\",\"@id\":\"https:\/\/answear.ro\/blog\/#website\",\"url\":\"https:\/\/answear.ro\/blog\/\",\"name\":\"Answear\",\"description\":\"\",\"potentialAction\":[{\"@type\":\"SearchAction\",\"target\":{\"@type\":\"EntryPoint\",\"urlTemplate\":\"https:\/\/answear.ro\/blog\/?s={search_term_string}\"},\"query-input\":{\"@type\":\"PropertyValueSpecification\",\"valueRequired\":true,\"valueName\":\"search_term_string\"}}],\"inLanguage\":\"en-US\"},{\"@type\":\"Person\",\"@id\":\"https:\/\/answear.ro\/blog\/#\/schema\/person\/73d5921d2f5be6cd5266fe93e6063d59\",\"name\":\"Georgiana\",\"image\":{\"@type\":\"ImageObject\",\"inLanguage\":\"en-US\",\"@id\":\"https:\/\/answear.ro\/blog\/#\/schema\/person\/image\/\",\"url\":\"https:\/\/secure.gravatar.com\/avatar\/f5d4966c2e2d2226b8cfe4a6bbf73bd01e72ed31c49410c7725262cf815c39f6?s=96&r=g\",\"contentUrl\":\"https:\/\/secure.gravatar.com\/avatar\/f5d4966c2e2d2226b8cfe4a6bbf73bd01e72ed31c49410c7725262cf815c39f6?s=96&r=g\",\"caption\":\"Georgiana\"},\"url\":\"https:\/\/answear.ro\/blog\/author\/georgiana_pana\"}]}<\/script>\n<!-- \/ Yoast SEO plugin. -->","yoast_head_json":{"title":"Ce nu trebuie s\u0103 lipseasc\u0103 din bagajul de vacan\u021b\u0103? - Answear","description":"Acesta este ultimul clopo\u021bel (\u0219i nu vorbim doar de cel \u0219colar) pentru a-\u021bi planifica concediul de var\u0103. Sigur nu \u021bi-ai f\u0103cut \u00eenc\u0103 bagajul, a\u0219a c\u0103 hai s\u0103","robots":{"index":"index","follow":"follow","max-snippet":"max-snippet:-1","max-image-preview":"max-image-preview:large","max-video-preview":"max-video-preview:-1"},"canonical":"https:\/\/answear.ro\/blog\/ce-nu-trebuie-sa-lipseasca-din-bagajul-de-vacanta\/14198","og_locale":"en_US","og_type":"article","og_title":"Ce nu trebuie s\u0103 lipseasc\u0103 din bagajul de vacan\u021b\u0103? - Answear","og_description":"Acesta este ultimul clopo\u021bel (\u0219i nu vorbim doar de cel \u0219colar) pentru a-\u021bi planifica concediul de var\u0103. Sigur nu \u021bi-ai f\u0103cut \u00eenc\u0103 bagajul, a\u0219a c\u0103 hai s\u0103","og_url":"https:\/\/answear.ro\/blog\/ce-nu-trebuie-sa-lipseasca-din-bagajul-de-vacanta\/14198","og_site_name":"Answear","article_published_time":"2019-06-11T12:06:24+00:00","article_modified_time":"2019-06-11T13:12:05+00:00","og_image":[{"url":"https:\/\/answear.ro\/blog\/wp-content\/uploads\/2019\/06\/cover_ro.jpg","type":"","width":"","height":""}],"author":"Georgiana","twitter_card":"summary_large_image","twitter_misc":{"Written by":"Georgiana","Est. reading time":"4 minutes"},"schema":{"@context":"https:\/\/schema.org","@graph":[{"@type":"WebPage","@id":"https:\/\/answear.ro\/blog\/ce-nu-trebuie-sa-lipseasca-din-bagajul-de-vacanta\/14198","url":"https:\/\/answear.ro\/blog\/ce-nu-trebuie-sa-lipseasca-din-bagajul-de-vacanta\/14198","name":"Ce nu trebuie s\u0103 lipseasc\u0103 din bagajul de vacan\u021b\u0103? - Answear","isPartOf":{"@id":"https:\/\/answear.ro\/blog\/#website"},"primaryImageOfPage":{"@id":"https:\/\/answear.ro\/blog\/ce-nu-trebuie-sa-lipseasca-din-bagajul-de-vacanta\/14198#primaryimage"},"image":{"@id":"https:\/\/answear.ro\/blog\/ce-nu-trebuie-sa-lipseasca-din-bagajul-de-vacanta\/14198#primaryimage"},"thumbnailUrl":"https:\/\/answear.ro\/blog\/wp-content\/uploads\/2019\/06\/cover_ro.jpg","datePublished":"2019-06-11T12:06:24+00:00","dateModified":"2019-06-11T13:12:05+00:00","author":{"@id":"https:\/\/answear.ro\/blog\/#\/schema\/person\/73d5921d2f5be6cd5266fe93e6063d59"},"description":"Acesta este ultimul clopo\u021bel (\u0219i nu vorbim doar de cel \u0219colar) pentru a-\u021bi planifica concediul de var\u0103. Sigur nu \u021bi-ai f\u0103cut \u00eenc\u0103 bagajul, a\u0219a c\u0103 hai s\u0103","breadcrumb":{"@id":"https:\/\/answear.ro\/blog\/ce-nu-trebuie-sa-lipseasca-din-bagajul-de-vacanta\/14198#breadcrumb"},"inLanguage":"en-US","potentialAction":[{"@type":"ReadAction","target":["https:\/\/answear.ro\/blog\/ce-nu-trebuie-sa-lipseasca-din-bagajul-de-vacanta\/14198"]}]},{"@type":"ImageObject","inLanguage":"en-US","@id":"https:\/\/answear.ro\/blog\/ce-nu-trebuie-sa-lipseasca-din-bagajul-de-vacanta\/14198#primaryimage","url":"https:\/\/answear.ro\/blog\/wp-content\/uploads\/2019\/06\/cover_ro.jpg","contentUrl":"https:\/\/answear.ro\/blog\/wp-content\/uploads\/2019\/06\/cover_ro.jpg","width":1024,"height":536},{"@type":"BreadcrumbList","@id":"https:\/\/answear.ro\/blog\/ce-nu-trebuie-sa-lipseasca-din-bagajul-de-vacanta\/14198#breadcrumb","itemListElement":[{"@type":"ListItem","position":1,"name":"Home","item":"https:\/\/answear.ro\/blog\/"},{"@type":"ListItem","position":2,"name":"Ce nu trebuie s\u0103 lipseasc\u0103 din bagajul de vacan\u021b\u0103?"}]},{"@type":"WebSite","@id":"https:\/\/answear.ro\/blog\/#website","url":"https:\/\/answear.ro\/blog\/","name":"Answear","description":"","potentialAction":[{"@type":"SearchAction","target":{"@type":"EntryPoint","urlTemplate":"https:\/\/answear.ro\/blog\/?s={search_term_string}"},"query-input":{"@type":"PropertyValueSpecification","valueRequired":true,"valueName":"search_term_string"}}],"inLanguage":"en-US"},{"@type":"Person","@id":"https:\/\/answear.ro\/blog\/#\/schema\/person\/73d5921d2f5be6cd5266fe93e6063d59","name":"Georgiana","image":{"@type":"ImageObject","inLanguage":"en-US","@id":"https:\/\/answear.ro\/blog\/#\/schema\/person\/image\/","url":"https:\/\/secure.gravatar.com\/avatar\/f5d4966c2e2d2226b8cfe4a6bbf73bd01e72ed31c49410c7725262cf815c39f6?s=96&r=g","contentUrl":"https:\/\/secure.gravatar.com\/avatar\/f5d4966c2e2d2226b8cfe4a6bbf73bd01e72ed31c49410c7725262cf815c39f6?s=96&r=g","caption":"Georgiana"},"url":"https:\/\/answear.ro\/blog\/author\/georgiana_pana"}]}},"_links":{"self":[{"href":"https:\/\/answear.ro\/blog\/wp-json\/wp\/v2\/posts\/14198","targetHints":{"allow":["GET"]}}],"collection":[{"href":"https:\/\/answear.ro\/blog\/wp-json\/wp\/v2\/posts"}],"about":[{"href":"https:\/\/answear.ro\/blog\/wp-json\/wp\/v2\/types\/post"}],"author":[{"embeddable":true,"href":"https:\/\/answear.ro\/blog\/wp-json\/wp\/v2\/users\/39"}],"replies":[{"embeddable":true,"href":"https:\/\/answear.ro\/blog\/wp-json\/wp\/v2\/comments?post=14198"}],"version-history":[{"count":2,"href":"https:\/\/answear.ro\/blog\/wp-json\/wp\/v2\/posts\/14198\/revisions"}],"predecessor-version":[{"id":14211,"href":"https:\/\/answear.ro\/blog\/wp-json\/wp\/v2\/posts\/14198\/revisions\/14211"}],"wp:attachment":[{"href":"https:\/\/answear.ro\/blog\/wp-json\/wp\/v2\/media?parent=14198"}],"wp:term":[{"taxonomy":"category","embeddable":true,"href":"https:\/\/answear.ro\/blog\/wp-json\/wp\/v2\/categories?post=14198"},{"taxonomy":"post_tag","embeddable":true,"href":"https:\/\/answear.ro\/blog\/wp-json\/wp\/v2\/tags?post=14198"}],"curies":[{"name":"wp","href":"https:\/\/api.w.org\/{rel}","templated":true}]}}