{"id":19053,"date":"2024-02-29T14:57:30","date_gmt":"2024-02-29T12:57:30","guid":{"rendered":"https:\/\/answear.ro\/blog\/?p=19053"},"modified":"2024-02-29T19:20:49","modified_gmt":"2024-02-29T17:20:49","slug":"tendintele-de-la-saptamana-modei-de-la-milano-prezentate-de-answear","status":"publish","type":"post","link":"https:\/\/answear.ro\/blog\/tendintele-de-la-saptamana-modei-de-la-milano-prezentate-de-answear\/19053","title":{"rendered":"Tendin\u021bele din S\u0103pt\u0103m\u00e2na Modei de la Milano prezentate de Answear"},"content":{"rendered":"<span class=\"span-reading-time rt-reading-time\" style=\"display: block;\"><span class=\"rt-label rt-prefix\">Timp de citire <\/span> <span class=\"rt-time\"> 4<\/span> <span class=\"rt-label rt-postfix\">min<\/span><\/span><p><strong> S\u0103pt\u0103m\u00e2na modei din Milano este o adev\u0103rat\u0103 s\u0103rb\u0103toare. Pe podiumuri sunt prezentate colec\u021biile celor mai importan\u021bi designeri, iar str\u0103zile ora\u0219ului sunt inundate de stiluri vestimentare originale ai participan\u021bilor de la s\u0103pt\u0103m\u00e2na modei italiene. Simte atmosfera unic\u0103 a acestui eveniment \u0219i afl\u0103 se se poart\u0103 \u00een sezonul toamn\u0103-iarn\u0103 2024 citind recenzia noastr\u0103.<\/strong><\/p>\n<p><!--more--><\/p>\n<p class=\"bigletter\">S\u0103pt\u0103m\u00e2na Modei de la Milano a oferit invita\u021bilor o experien\u021b\u0103 deosebit\u0103. Case de mod\u0103 celebre precum Gucci, Emporio Armani, Versace, Dolce&amp;Gabbana, Twinset \u0219i Elisabetta Franchi \u0219i-au prezentat cele mai recente colec\u021bii. Te intrebi ce vei purta \u00een sezonul toamn\u0103-iarn\u0103 2024? Cite\u0219te editorialul nostru despre acest eveniment unic.<\/p>\n<p>.<\/p>\n<h2><strong>Twinset: Un joc alb-negru<\/strong><\/h2>\n<p>S\u0103pt\u0103m\u00e2na Modei de la Milano a debutat cu show-ul Twinset \u0219i cu manechine de top asociate cu imaginea brandul de ani de zile &#8211; Natasha Poly, Amber Valletta sau Franziska Jetzek. Prezentarea de mod\u0103 a surprins esen\u021ba stilului Twinset\u00a0 printr-o contopire a spiritului artistic cu un stil rock diferit.<\/p>\n<p>Colec\u021bia sezonului toamn\u0103\/iarn\u0103 2024 este dominat\u0103 de tricotajele folosite \u00een combina\u021bii pline de culoare, rochii din dantel\u0103 \u0219i pulovere din tricot gros. \u00cen stilul clasic abordat, Twinset se joac\u0103 cu contrastul alb-negru, ad\u0103ug\u00e2nd o palet\u0103 de culori neutre cu accente de ro\u0219u \u0219i galben str\u0103lucitor. Siluetele, \u00een schimb, sunt monocromatice \u0219i minimaliste.<\/p>\n<p><em>Noua colec\u021bie Twinset este dominat\u0103 de alb \u0219i negru, accente \u021besute \u00een ro\u0219u \u0219i siluete galben aurii. Ceea ce este cu adev\u0103rat uimitor sunt texturile prezentate pe podium &#8211; dantela, tricotajele, broderiile \u0219i bijuteriile care au completat perfect \u021binutele. Ceea ce este de asemenea evident de la prima vedere, dac\u0103 nu ave\u021bi \u00eenc\u0103 cizme de motociclist \u00een garderob\u0103<\/em>, <em>este timpul s\u0103 le cump\u0103ra\u021bi,<\/em> spune \u0141ukasz Witek, stilist principal Answear.com.<\/p>\n<p><img loading=\"lazy\" decoding=\"async\" class=\"alignnone size-full wp-image-19055\" src=\"https:\/\/answear.ro\/blog\/wp-content\/uploads\/2024\/02\/Tendintele-de-la-Saptamana-Modei-de-la-Milano.png\" alt=\"\" width=\"4500\" height=\"2400\" srcset=\"https:\/\/answear.ro\/blog\/wp-content\/uploads\/2024\/02\/Tendintele-de-la-Saptamana-Modei-de-la-Milano.png 4500w, https:\/\/answear.ro\/blog\/wp-content\/uploads\/2024\/02\/Tendintele-de-la-Saptamana-Modei-de-la-Milano-1303x695.png 1303w, https:\/\/answear.ro\/blog\/wp-content\/uploads\/2024\/02\/Tendintele-de-la-Saptamana-Modei-de-la-Milano-1536x819.png 1536w, https:\/\/answear.ro\/blog\/wp-content\/uploads\/2024\/02\/Tendintele-de-la-Saptamana-Modei-de-la-Milano-2048x1092.png 2048w\" sizes=\"auto, (max-width: 4500px) 100vw, 4500px\" \/><\/p>\n<p style=\"text-align: center;\"><a href=\"https:\/\/answear.ro\/k\/femei?q=twinset\">Descoper\u0103 colec\u021biile Twinset pe Answear<\/a><\/p>\n<h2><strong>Emporio Armani- show impresionant<\/strong><\/h2>\n<p>De la jachete cu paiete, costume str\u0103lucitoare p\u00e2n\u0103 la rochii de sear\u0103 &#8211; la spectacolul Emporio Armani am v\u0103zut o serie de \u021binute potrivite pentru ocazii speciale. Piesele vestimentare din colec\u021bia \u201eNight Glow\u201d prezentat\u0103 la S\u0103pt\u0103m\u00e2na Modei de la Milano au reflectat perfect cerul cu stele str\u0103lucitoare. Aceast\u0103 tem\u0103 nu a fost prezent\u0103 doar prin broderiile cu paiete, ci \u0219i \u00een culorile alese &#8211; argintiu, negru intens, violet sau verde jad.<\/p>\n<p>Pantalonii din materiale fluide, fustele transparente din organza \u0219i blana artificial\u0103 colorat\u0103 aprins au transmis perfect sentimentul de libertate pre\u021buit de Emporio Armani at\u00e2t de mult \u00een procesul de design.<\/p>\n<p>Emporio Armani a \u00eencheiat spectacolul \u00eentr-un mod special. Z\u0103pada a \u00eenceput s\u0103 cad\u0103 u\u0219or pe podium \u0219i modelele \u00eembr\u0103cate \u00een haine de sear\u0103 s-au plimbat \u00een public cu umbrele deasupra capului. Cei care au participat la s\u0103pt\u0103m\u00e2na modei \u00ee\u0219i vor aminti cu siguran\u021b\u0103 mult\u0103 vreme aceast\u0103 prezentare de mod\u0103.<\/p>\n<p><img loading=\"lazy\" decoding=\"async\" class=\"alignnone size-full wp-image-19056\" src=\"https:\/\/answear.ro\/blog\/wp-content\/uploads\/2024\/02\/milan_2.png\" alt=\"\" width=\"4500\" height=\"2400\" srcset=\"https:\/\/answear.ro\/blog\/wp-content\/uploads\/2024\/02\/milan_2.png 4500w, https:\/\/answear.ro\/blog\/wp-content\/uploads\/2024\/02\/milan_2-1303x695.png 1303w, https:\/\/answear.ro\/blog\/wp-content\/uploads\/2024\/02\/milan_2-1536x819.png 1536w, https:\/\/answear.ro\/blog\/wp-content\/uploads\/2024\/02\/milan_2-2048x1092.png 2048w\" sizes=\"auto, (max-width: 4500px) 100vw, 4500px\" \/><\/p>\n<p style=\"text-align: center;\"><strong>\u00a0<a href=\"https:\/\/answear.ro\/k\/femei?q=emporio%20armani\">Las\u0103-te inspirat\u0103 de crea\u021biile Armani<\/a><\/strong><\/p>\n<h2><strong>Prezentare de mod\u0103 \u00een biblioteca universit\u0103\u021bii<\/strong><\/h2>\n<p>Uniformele universitare engleze au fost sursa de inspira\u021bie principal\u0103 a colec\u021biilor toamn\u0103-iarna 2024 semnate de Elisabetta Franchi. Casa de mod\u0103 \u0219i-a prezentat crea\u021biile la Milano, ilustr\u00e2nd pentru audien\u021b\u0103 portretul femeii contemporane. Modelele au defilat pe podium \u00een ritmul muzicii energice \u00eentr-un cadru unic, asem\u0103n\u0103tor cu interiorul unei biblioteci.<\/p>\n<p>Publicul a putut admira o reinterpretare contemporan\u0103 a stilului academic prin fuste plisate, cardigane, pulovere combinate cu c\u0103m\u0103\u0219i, jachete \u0219i paltoane cu croial\u0103 masculin\u0103. Imprimeul statement care se reg\u0103se\u0219te \u00een crea\u021biile Elisabettei Franchi este tartanul \u00een ro\u0219u \u00eenchis. Se remarc\u0103 de asemenea \u0219i accentele gri o\u021bel. Noua colec\u021bie este un amestec elegant de forme vintage, glamour \u0219i moderne.<\/p>\n<h2><strong>Tendin\u021bele MSGM\u00a0<\/strong><\/h2>\n<p>Brandul MSGM se distinge printr-un design minimalist. Pentru noua colec\u021bie designerul Massimo Giorgetti s-a l\u0103sat inspirat de art\u0103, muzic\u0103 \u0219i tendin\u021bele vestimentare actuale din mod\u0103. Colec\u021bia MSGM pentru toamna-iarna 2024 propune stiluri pr\u00eat-\u00e0-porter \u00eentr-o varietate de croieli, texturi \u0219i culori.<\/p>\n<p><img loading=\"lazy\" decoding=\"async\" class=\"alignnone size-full wp-image-19057\" src=\"https:\/\/answear.ro\/blog\/wp-content\/uploads\/2024\/02\/Tendintele-de-la-Saptamana-Modei-de-la-Milano-milan_1.png\" alt=\"\" width=\"4500\" height=\"2400\" srcset=\"https:\/\/answear.ro\/blog\/wp-content\/uploads\/2024\/02\/Tendintele-de-la-Saptamana-Modei-de-la-Milano-milan_1.png 4500w, https:\/\/answear.ro\/blog\/wp-content\/uploads\/2024\/02\/Tendintele-de-la-Saptamana-Modei-de-la-Milano-milan_1-1303x695.png 1303w, https:\/\/answear.ro\/blog\/wp-content\/uploads\/2024\/02\/Tendintele-de-la-Saptamana-Modei-de-la-Milano-milan_1-1536x819.png 1536w, https:\/\/answear.ro\/blog\/wp-content\/uploads\/2024\/02\/Tendintele-de-la-Saptamana-Modei-de-la-Milano-milan_1-2048x1092.png 2048w\" sizes=\"auto, (max-width: 4500px) 100vw, 4500px\" \/><\/p>\n<p style=\"text-align: center;\"><a href=\"https:\/\/answear.ro\/k\/femei?q=msgm\">Alege-\u021bi look-ul favorit \u00een stilul MSGM<\/a><\/p>\n<p class=\"kropka\"><em>MSGM a prezentat pe scurt trendurile sezonului viitor &#8211; piele str\u0103lucitoare, bijuterii, \u00a0texturi moi \u0219i pantaloni scur\u021bi care apar \u00een majoritatea colec\u021biilor de pe podiumurile AW24. Elementul meu preferat au fost cu siguran\u021b\u0103, pantalonii de blan\u0103 \u0219i accesoriile. Ar\u0103tau impresionant<\/em>, a men\u021bionat \u0141ukasz Witek, stilistul Answear, prezent la Milano.<\/p>\n<p>.<\/p>\n","protected":false},"excerpt":{"rendered":"<p><span class=\"span-reading-time rt-reading-time\" style=\"display: block;\"><span class=\"rt-label rt-prefix\">Timp de citire <\/span> <span class=\"rt-time\"> 4<\/span> <span class=\"rt-label rt-postfix\">min<\/span><\/span>S\u0103pt\u0103m\u00e2na modei din Milano este o adev\u0103rat\u0103 s\u0103rb\u0103toare. Pe podiumuri sunt prezentate colec\u021biile celor mai importan\u021bi designeri, iar str\u0103zile ora\u0219ului sunt inundate de stiluri vestimentare originale ai participan\u021bilor de la s\u0103pt\u0103m\u00e2na modei italiene. Simte atmosfera unic\u0103 a acestui eveniment \u0219i afl\u0103 se se poart\u0103 \u00een sezonul toamn\u0103-iarn\u0103 2024 citind recenzia noastr\u0103.<\/p>\n","protected":false},"author":44,"featured_media":19054,"comment_status":"closed","ping_status":"closed","sticky":false,"template":"","format":"standard","meta":{"footnotes":""},"categories":[676],"tags":[693,692],"class_list":["post-19053","post","type-post","status-publish","format-standard","has-post-thumbnail","hentry","category-tendinte","tag-milano-fashion-week","tag-tendintele-de-la-saptamana-modei-de-la-milano"],"yoast_head":"<!-- This site is optimized with the Yoast SEO plugin v25.8 - https:\/\/yoast.com\/wordpress\/plugins\/seo\/ -->\n<title>Tendin\u021bele din S\u0103pt\u0103m\u00e2na Modei de la Milano prezentate de Answear - Answear<\/title>\n<meta name=\"description\" content=\"S\u0103pt\u0103m\u00e2na modei din Milano este o adev\u0103rat\u0103 s\u0103rb\u0103toare. Pe podiumuri sunt prezentate colec\u021biile celor mai importan\u021bi designeri, iar str\u0103zile ora\u0219ului sunt\" \/>\n<meta name=\"robots\" content=\"index, follow, max-snippet:-1, max-image-preview:large, max-video-preview:-1\" \/>\n<link rel=\"canonical\" href=\"https:\/\/answear.ro\/blog\/tendintele-de-la-saptamana-modei-de-la-milano-prezentate-de-answear\/19053\" \/>\n<meta property=\"og:locale\" content=\"en_US\" \/>\n<meta property=\"og:type\" content=\"article\" \/>\n<meta property=\"og:title\" content=\"Tendin\u021bele din S\u0103pt\u0103m\u00e2na Modei de la Milano prezentate de Answear - Answear\" \/>\n<meta property=\"og:description\" content=\"S\u0103pt\u0103m\u00e2na modei din Milano este o adev\u0103rat\u0103 s\u0103rb\u0103toare. Pe podiumuri sunt prezentate colec\u021biile celor mai importan\u021bi designeri, iar str\u0103zile ora\u0219ului sunt\" \/>\n<meta property=\"og:url\" content=\"https:\/\/answear.ro\/blog\/tendintele-de-la-saptamana-modei-de-la-milano-prezentate-de-answear\/19053\" \/>\n<meta property=\"og:site_name\" content=\"Answear\" \/>\n<meta property=\"article:published_time\" content=\"2024-02-29T12:57:30+00:00\" \/>\n<meta property=\"article:modified_time\" content=\"2024-02-29T17:20:49+00:00\" \/>\n<meta property=\"og:image\" content=\"https:\/\/answear.ro\/blog\/wp-content\/uploads\/2024\/02\/Tendintele-de-la-Saptamana-Modei-de-la-Milano-milan_FW_Main-photot.png\" \/>\n\t<meta property=\"og:image:width\" content=\"1672\" \/>\n\t<meta property=\"og:image:height\" content=\"680\" \/>\n\t<meta property=\"og:image:type\" content=\"image\/png\" \/>\n<meta name=\"author\" content=\"Cristina\" \/>\n<meta name=\"twitter:card\" content=\"summary_large_image\" \/>\n<meta name=\"twitter:label1\" content=\"Written by\" \/>\n\t<meta name=\"twitter:data1\" content=\"Cristina\" \/>\n\t<meta name=\"twitter:label2\" content=\"Est. reading time\" \/>\n\t<meta name=\"twitter:data2\" content=\"4 minutes\" \/>\n<script type=\"application\/ld+json\" class=\"yoast-schema-graph\">{\"@context\":\"https:\/\/schema.org\",\"@graph\":[{\"@type\":\"WebPage\",\"@id\":\"https:\/\/answear.ro\/blog\/tendintele-de-la-saptamana-modei-de-la-milano-prezentate-de-answear\/19053\",\"url\":\"https:\/\/answear.ro\/blog\/tendintele-de-la-saptamana-modei-de-la-milano-prezentate-de-answear\/19053\",\"name\":\"Tendin\u021bele din S\u0103pt\u0103m\u00e2na Modei de la Milano prezentate de Answear - Answear\",\"isPartOf\":{\"@id\":\"https:\/\/answear.ro\/blog\/#website\"},\"primaryImageOfPage\":{\"@id\":\"https:\/\/answear.ro\/blog\/tendintele-de-la-saptamana-modei-de-la-milano-prezentate-de-answear\/19053#primaryimage\"},\"image\":{\"@id\":\"https:\/\/answear.ro\/blog\/tendintele-de-la-saptamana-modei-de-la-milano-prezentate-de-answear\/19053#primaryimage\"},\"thumbnailUrl\":\"https:\/\/answear.ro\/blog\/wp-content\/uploads\/2024\/02\/Tendintele-de-la-Saptamana-Modei-de-la-Milano-milan_FW_Main-photot.png\",\"datePublished\":\"2024-02-29T12:57:30+00:00\",\"dateModified\":\"2024-02-29T17:20:49+00:00\",\"author\":{\"@id\":\"https:\/\/answear.ro\/blog\/#\/schema\/person\/32271163793926a73eeb20bfee713018\"},\"description\":\"S\u0103pt\u0103m\u00e2na modei din Milano este o adev\u0103rat\u0103 s\u0103rb\u0103toare. Pe podiumuri sunt prezentate colec\u021biile celor mai importan\u021bi designeri, iar str\u0103zile ora\u0219ului sunt\",\"breadcrumb\":{\"@id\":\"https:\/\/answear.ro\/blog\/tendintele-de-la-saptamana-modei-de-la-milano-prezentate-de-answear\/19053#breadcrumb\"},\"inLanguage\":\"en-US\",\"potentialAction\":[{\"@type\":\"ReadAction\",\"target\":[\"https:\/\/answear.ro\/blog\/tendintele-de-la-saptamana-modei-de-la-milano-prezentate-de-answear\/19053\"]}]},{\"@type\":\"ImageObject\",\"inLanguage\":\"en-US\",\"@id\":\"https:\/\/answear.ro\/blog\/tendintele-de-la-saptamana-modei-de-la-milano-prezentate-de-answear\/19053#primaryimage\",\"url\":\"https:\/\/answear.ro\/blog\/wp-content\/uploads\/2024\/02\/Tendintele-de-la-Saptamana-Modei-de-la-Milano-milan_FW_Main-photot.png\",\"contentUrl\":\"https:\/\/answear.ro\/blog\/wp-content\/uploads\/2024\/02\/Tendintele-de-la-Saptamana-Modei-de-la-Milano-milan_FW_Main-photot.png\",\"width\":1672,\"height\":680},{\"@type\":\"BreadcrumbList\",\"@id\":\"https:\/\/answear.ro\/blog\/tendintele-de-la-saptamana-modei-de-la-milano-prezentate-de-answear\/19053#breadcrumb\",\"itemListElement\":[{\"@type\":\"ListItem\",\"position\":1,\"name\":\"Home\",\"item\":\"https:\/\/answear.ro\/blog\/\"},{\"@type\":\"ListItem\",\"position\":2,\"name\":\"Tendin\u021bele din S\u0103pt\u0103m\u00e2na Modei de la Milano prezentate de Answear\"}]},{\"@type\":\"WebSite\",\"@id\":\"https:\/\/answear.ro\/blog\/#website\",\"url\":\"https:\/\/answear.ro\/blog\/\",\"name\":\"Answear\",\"description\":\"\",\"potentialAction\":[{\"@type\":\"SearchAction\",\"target\":{\"@type\":\"EntryPoint\",\"urlTemplate\":\"https:\/\/answear.ro\/blog\/?s={search_term_string}\"},\"query-input\":{\"@type\":\"PropertyValueSpecification\",\"valueRequired\":true,\"valueName\":\"search_term_string\"}}],\"inLanguage\":\"en-US\"},{\"@type\":\"Person\",\"@id\":\"https:\/\/answear.ro\/blog\/#\/schema\/person\/32271163793926a73eeb20bfee713018\",\"name\":\"Cristina\",\"image\":{\"@type\":\"ImageObject\",\"inLanguage\":\"en-US\",\"@id\":\"https:\/\/answear.ro\/blog\/#\/schema\/person\/image\/\",\"url\":\"https:\/\/secure.gravatar.com\/avatar\/adef1c3e92e23d6baa3a21f9efbb6be71a2af4984d0285ffc0138ec9c004d810?s=96&r=g\",\"contentUrl\":\"https:\/\/secure.gravatar.com\/avatar\/adef1c3e92e23d6baa3a21f9efbb6be71a2af4984d0285ffc0138ec9c004d810?s=96&r=g\",\"caption\":\"Cristina\"},\"url\":\"https:\/\/answear.ro\/blog\/author\/cristina\"}]}<\/script>\n<!-- \/ Yoast SEO plugin. -->","yoast_head_json":{"title":"Tendin\u021bele din S\u0103pt\u0103m\u00e2na Modei de la Milano prezentate de Answear - Answear","description":"S\u0103pt\u0103m\u00e2na modei din Milano este o adev\u0103rat\u0103 s\u0103rb\u0103toare. Pe podiumuri sunt prezentate colec\u021biile celor mai importan\u021bi designeri, iar str\u0103zile ora\u0219ului sunt","robots":{"index":"index","follow":"follow","max-snippet":"max-snippet:-1","max-image-preview":"max-image-preview:large","max-video-preview":"max-video-preview:-1"},"canonical":"https:\/\/answear.ro\/blog\/tendintele-de-la-saptamana-modei-de-la-milano-prezentate-de-answear\/19053","og_locale":"en_US","og_type":"article","og_title":"Tendin\u021bele din S\u0103pt\u0103m\u00e2na Modei de la Milano prezentate de Answear - Answear","og_description":"S\u0103pt\u0103m\u00e2na modei din Milano este o adev\u0103rat\u0103 s\u0103rb\u0103toare. Pe podiumuri sunt prezentate colec\u021biile celor mai importan\u021bi designeri, iar str\u0103zile ora\u0219ului sunt","og_url":"https:\/\/answear.ro\/blog\/tendintele-de-la-saptamana-modei-de-la-milano-prezentate-de-answear\/19053","og_site_name":"Answear","article_published_time":"2024-02-29T12:57:30+00:00","article_modified_time":"2024-02-29T17:20:49+00:00","og_image":[{"width":1672,"height":680,"url":"https:\/\/answear.ro\/blog\/wp-content\/uploads\/2024\/02\/Tendintele-de-la-Saptamana-Modei-de-la-Milano-milan_FW_Main-photot.png","type":"image\/png"}],"author":"Cristina","twitter_card":"summary_large_image","twitter_misc":{"Written by":"Cristina","Est. reading time":"4 minutes"},"schema":{"@context":"https:\/\/schema.org","@graph":[{"@type":"WebPage","@id":"https:\/\/answear.ro\/blog\/tendintele-de-la-saptamana-modei-de-la-milano-prezentate-de-answear\/19053","url":"https:\/\/answear.ro\/blog\/tendintele-de-la-saptamana-modei-de-la-milano-prezentate-de-answear\/19053","name":"Tendin\u021bele din S\u0103pt\u0103m\u00e2na Modei de la Milano prezentate de Answear - Answear","isPartOf":{"@id":"https:\/\/answear.ro\/blog\/#website"},"primaryImageOfPage":{"@id":"https:\/\/answear.ro\/blog\/tendintele-de-la-saptamana-modei-de-la-milano-prezentate-de-answear\/19053#primaryimage"},"image":{"@id":"https:\/\/answear.ro\/blog\/tendintele-de-la-saptamana-modei-de-la-milano-prezentate-de-answear\/19053#primaryimage"},"thumbnailUrl":"https:\/\/answear.ro\/blog\/wp-content\/uploads\/2024\/02\/Tendintele-de-la-Saptamana-Modei-de-la-Milano-milan_FW_Main-photot.png","datePublished":"2024-02-29T12:57:30+00:00","dateModified":"2024-02-29T17:20:49+00:00","author":{"@id":"https:\/\/answear.ro\/blog\/#\/schema\/person\/32271163793926a73eeb20bfee713018"},"description":"S\u0103pt\u0103m\u00e2na modei din Milano este o adev\u0103rat\u0103 s\u0103rb\u0103toare. Pe podiumuri sunt prezentate colec\u021biile celor mai importan\u021bi designeri, iar str\u0103zile ora\u0219ului sunt","breadcrumb":{"@id":"https:\/\/answear.ro\/blog\/tendintele-de-la-saptamana-modei-de-la-milano-prezentate-de-answear\/19053#breadcrumb"},"inLanguage":"en-US","potentialAction":[{"@type":"ReadAction","target":["https:\/\/answear.ro\/blog\/tendintele-de-la-saptamana-modei-de-la-milano-prezentate-de-answear\/19053"]}]},{"@type":"ImageObject","inLanguage":"en-US","@id":"https:\/\/answear.ro\/blog\/tendintele-de-la-saptamana-modei-de-la-milano-prezentate-de-answear\/19053#primaryimage","url":"https:\/\/answear.ro\/blog\/wp-content\/uploads\/2024\/02\/Tendintele-de-la-Saptamana-Modei-de-la-Milano-milan_FW_Main-photot.png","contentUrl":"https:\/\/answear.ro\/blog\/wp-content\/uploads\/2024\/02\/Tendintele-de-la-Saptamana-Modei-de-la-Milano-milan_FW_Main-photot.png","width":1672,"height":680},{"@type":"BreadcrumbList","@id":"https:\/\/answear.ro\/blog\/tendintele-de-la-saptamana-modei-de-la-milano-prezentate-de-answear\/19053#breadcrumb","itemListElement":[{"@type":"ListItem","position":1,"name":"Home","item":"https:\/\/answear.ro\/blog\/"},{"@type":"ListItem","position":2,"name":"Tendin\u021bele din S\u0103pt\u0103m\u00e2na Modei de la Milano prezentate de Answear"}]},{"@type":"WebSite","@id":"https:\/\/answear.ro\/blog\/#website","url":"https:\/\/answear.ro\/blog\/","name":"Answear","description":"","potentialAction":[{"@type":"SearchAction","target":{"@type":"EntryPoint","urlTemplate":"https:\/\/answear.ro\/blog\/?s={search_term_string}"},"query-input":{"@type":"PropertyValueSpecification","valueRequired":true,"valueName":"search_term_string"}}],"inLanguage":"en-US"},{"@type":"Person","@id":"https:\/\/answear.ro\/blog\/#\/schema\/person\/32271163793926a73eeb20bfee713018","name":"Cristina","image":{"@type":"ImageObject","inLanguage":"en-US","@id":"https:\/\/answear.ro\/blog\/#\/schema\/person\/image\/","url":"https:\/\/secure.gravatar.com\/avatar\/adef1c3e92e23d6baa3a21f9efbb6be71a2af4984d0285ffc0138ec9c004d810?s=96&r=g","contentUrl":"https:\/\/secure.gravatar.com\/avatar\/adef1c3e92e23d6baa3a21f9efbb6be71a2af4984d0285ffc0138ec9c004d810?s=96&r=g","caption":"Cristina"},"url":"https:\/\/answear.ro\/blog\/author\/cristina"}]}},"_links":{"self":[{"href":"https:\/\/answear.ro\/blog\/wp-json\/wp\/v2\/posts\/19053","targetHints":{"allow":["GET"]}}],"collection":[{"href":"https:\/\/answear.ro\/blog\/wp-json\/wp\/v2\/posts"}],"about":[{"href":"https:\/\/answear.ro\/blog\/wp-json\/wp\/v2\/types\/post"}],"author":[{"embeddable":true,"href":"https:\/\/answear.ro\/blog\/wp-json\/wp\/v2\/users\/44"}],"replies":[{"embeddable":true,"href":"https:\/\/answear.ro\/blog\/wp-json\/wp\/v2\/comments?post=19053"}],"version-history":[{"count":8,"href":"https:\/\/answear.ro\/blog\/wp-json\/wp\/v2\/posts\/19053\/revisions"}],"predecessor-version":[{"id":19066,"href":"https:\/\/answear.ro\/blog\/wp-json\/wp\/v2\/posts\/19053\/revisions\/19066"}],"wp:featuredmedia":[{"embeddable":true,"href":"https:\/\/answear.ro\/blog\/wp-json\/wp\/v2\/media\/19054"}],"wp:attachment":[{"href":"https:\/\/answear.ro\/blog\/wp-json\/wp\/v2\/media?parent=19053"}],"wp:term":[{"taxonomy":"category","embeddable":true,"href":"https:\/\/answear.ro\/blog\/wp-json\/wp\/v2\/categories?post=19053"},{"taxonomy":"post_tag","embeddable":true,"href":"https:\/\/answear.ro\/blog\/wp-json\/wp\/v2\/tags?post=19053"}],"curies":[{"name":"wp","href":"https:\/\/api.w.org\/{rel}","templated":true}]}}