{"id":19136,"date":"2024-04-11T13:00:35","date_gmt":"2024-04-11T10:00:35","guid":{"rendered":"https:\/\/answear.ro\/blog\/?p=19136"},"modified":"2024-04-23T13:11:04","modified_gmt":"2024-04-23T10:11:04","slug":"cum-se-poarta-vesta-5-idei-de-styling","status":"publish","type":"post","link":"https:\/\/answear.ro\/blog\/cum-se-poarta-vesta-5-idei-de-styling\/19136","title":{"rendered":"Cum se poart\u0103 vesta \u2013 5 idei de styling  \u00a0"},"content":{"rendered":"<span class=\"span-reading-time rt-reading-time\" style=\"display: block;\"><span class=\"rt-label rt-prefix\">Timp de citire <\/span> <span class=\"rt-time\"> 4<\/span> <span class=\"rt-label rt-postfix\">min<\/span><\/span><p><strong> Cum creezi o \u021binut\u0103 \u00een tendin\u021be cu o vest\u0103? Po\u021bi opta pentru o croial\u0103 atemporal\u0103 sau po\u021bi alege un model \u00een vog\u0103. Pentru un plus de inspira\u021bie, am adunat c\u00e2teva idei de styling, cu vesta \u00een rol principal<\/strong><\/p>\n<p>.<\/p>\n<p><strong>\u00cen acest articol vei afla:<\/strong><\/p>\n<ol>\n<li>Ce model de vest\u0103 se potrive\u0219te \u00een zilele mai reci \u0219i mai calde;<\/li>\n<li>Cum s\u0103 alegi vesta \u00een m\u0103rimea potrivit\u0103;<\/li>\n<li>Ce stiluri vestimentare se potrivesc mai bine c\u00e2nd por\u021bi o vest\u0103;<\/li>\n<li>Cum alegi culoarea potrivit\u0103;<\/li>\n<\/ol>\n<p><!--more--><\/p>\n<h2><strong>Cum se poart\u0103 vesta \u2013 idei de styling pentru diferite ocazii<\/strong><\/h2>\n<p class=\"bigletter\"><a href=\"https:\/\/answear.ro\/k\/femei?q=vesta%20femei\"><span style=\"color: #003366;\">Vestele<\/span><\/a> sunt piese vestimentare la mod\u0103, atemporale.<\/p>\n<p>. Le po\u021bi purta \u00eentr-o mul\u021bime de variante diferite, \u00een func\u021bie de preferin\u021be. Pe pia\u021b\u0103 se g\u0103sesc deja o varietate de stiluri, de la veste scurte \u0219i mulate, p\u00e2n\u0103 la veste lungi \u0219i supradimensionate. Cel mai important este s\u0103 alegi modelul potrivit pentru a-\u021bi eviden\u021bia stilul personal.<\/p>\n<p>Vesta este un item versatil, ideal pentru o mul\u021bime de ocazii. Poate completa o \u021binut\u0103 de birou, \u00a0un outfit business sau o \u021binut\u0103 relaxant\u0103 pentru o \u00eent\u00e2lnire cu prietenii. Totodat\u0103, vesta este potrivit\u0103 \u0219i pentru o \u021binut\u0103 sport sau una casual, fiind o pies\u0103 must have pentru \u00eembr\u0103c\u0103mintea de zi cu zi. Aspectul \u021binutei este influen\u021bat exclusiv de modelul ales, precum \u0219i de accesoriile folosite pentru a definitiva look-ul.<\/p>\n<p>O vest\u0103 de culoare deschis\u0103 se va potrivi cu majoritatea \u021binutelor neutre, precum negru, alb, gri sau bej. Dac\u0103 \u00ee\u021bi place s\u0103 faci combina\u021bii creative, alege o vest\u0103 \u00een aceea\u0219i culoare ca a pantofilor sau sau a e\u0219arfei. Astfel po\u021bi ob\u021bine un outfit echilibrat \u0219i armonios, chiar \u0219i cu cele mai \u00eendr\u0103zne\u021be culori.<\/p>\n<h2><strong>Cum se poart\u0103 vesta lung\u0103 \u00een \u021binutele de zi cu zi?<\/strong><\/h2>\n<p>Vesta lung\u0103 se potrive\u0219te cu o mul\u021bime de articole vestimentare \u2013 poate fi combinat\u0103 cu tricouri, bluze cu m\u00e2nec\u0103 lung\u0103 \u0219i <span style=\"color: #003366;\"><a style=\"color: #003366;\" href=\"https:\/\/answear.ro\/k\/femei?q=hanorac\">hanorace<\/a>.<\/span><\/p>\n<p>Acest item poate fi foarte util \u00een garderob\u0103 pentru a forma o varietate de \u021binute. \u00ce\u021bi poate sublinia \u0219i talia dac\u0103 asta \u00ee\u021bi dore\u0219ti.<\/p>\n<p><img loading=\"lazy\" decoding=\"async\" class=\"alignnone size-full wp-image-19139\" src=\"https:\/\/answear.ro\/blog\/wp-content\/uploads\/2024\/04\/vesta-cum-se-poarta.png\" alt=\"\" width=\"6700\" height=\"3700\" srcset=\"https:\/\/answear.ro\/blog\/wp-content\/uploads\/2024\/04\/vesta-cum-se-poarta.png 6700w, https:\/\/answear.ro\/blog\/wp-content\/uploads\/2024\/04\/vesta-cum-se-poarta-1259x695.png 1259w, https:\/\/answear.ro\/blog\/wp-content\/uploads\/2024\/04\/vesta-cum-se-poarta-1536x848.png 1536w, https:\/\/answear.ro\/blog\/wp-content\/uploads\/2024\/04\/vesta-cum-se-poarta-2048x1131.png 2048w\" sizes=\"auto, (max-width: 6700px) 100vw, 6700px\" \/><\/p>\n<p>\u00cen zilele mai reci, alege veste lungi din puf pe care s\u0103 le por\u021bi peste o hain\u0103 mai sub\u021bire sau peste treningul t\u0103u favorit. Completeaz\u0103 \u021binuta cu o \u0219apc\u0103 sport, o geant\u0103 \u00een stil po\u0219ta\u0219, plus pantofii prefera\u021bi \u0219i ai ob\u021binut o \u021binut\u0103 confortabil\u0103, ideal\u0103 pentru o plimbare \u00een parc sau pentru cump\u0103r\u0103turi.<\/p>\n<p>&nbsp;<\/p>\n<p>O vest\u0103 lung\u0103 din material textil cu o curea \u00een talie va fi potrivit\u0103 pentru o \u021binut\u0103 casual. Alege \u0219i o pereche de blugi cu talie \u00eenalt\u0103, o bluz\u0103 mulat\u0103 sau tricou clasic. Pentru a ob\u021bine efectul unei siluete alungite, alege haine \u00een nuan\u021be apropiate.<\/p>\n<h2><strong>Idei de styling cu o vest\u0103 scurt\u0103<\/strong><\/h2>\n<p>Outfit-urile care includ veste sunt la mod\u0103 \u00een fiecare sezon. De\u0219i stilul \u021binutelor formate cu acest item s-a schimbat de-a lungul anilor, vestele \u00eenc\u0103 sunt nelipsite din garderoba femeilor.<\/p>\n<p>Dac\u0103 \u00ee\u021bi plac \u021binutele clasice \u0219i minimaliste, ar trebui s\u0103 ai m\u0103car o vest\u0103 scurt\u0103 \u00een garderoba ta. Ideile de styling care implic\u0103 acest item sunt potrivite pentru orice anotimp. Vesta scurt\u0103 se potrive\u0219te \u00een special \u021binutelor din sezonul cald, \u00een timp ce modele din denim sau cele matlasate sunt potrivite pentru zilele mai reci.<\/p>\n<p>Vesta scurt\u0103 poate fi croit\u0103 pe talie sau u\u0219or supradimensionat\u0103. Exist\u0103 multe moduri \u00een care poate fi purtat\u0103. Arat\u0103 foarte bine cu pantaloni cu talie joas\u0103 evaza\u021bi. Completeaz\u0103 acest tip de \u021binut\u0103 \u0219i cu o pereche de <a href=\"https:\/\/answear.ro\/k\/femei?q=retro%20sneakers\"><span style=\"color: #003366;\">sneakers retro<\/span><\/a> la mod\u0103 \u0219i un tricou colorat pentru o apari\u021bie casual, la mod\u0103.<\/p>\n<p>Vesta poate fi purtat\u0103 descheiat\u0103 sau cu nasturi. C\u00e2nd cau\u021bi dimensiunea potrivit\u0103, asigur\u0103-te c\u0103 nu alegi o vest\u0103 prea mic\u0103. Vesta poate fi purtat\u0103 singur\u0103 sau suprapus\u0103 peste o bluz\u0103 sau un tricou.<\/p>\n<h2><strong>Cum se poart\u0103 vesta \u00een func\u021bie de anotimpuri<\/strong><\/h2>\n<p>Vesta clasic\u0103, cu o croial\u0103 minimalist\u0103 este alegerea ideal\u0103 at\u00e2t pentru zilele mai reci, c\u00e2t \u0219i pentru cele mai calde. Pentru un look modern poart-o cu o fust\u0103 lung\u0103 din denim \u0219i cu un tricou alb. O curea lat\u0103 din piele poate sublinia talia.<\/p>\n<p>Completeaz\u0103 \u021binuta cu o pereche de balerini. Alege un model din plas\u0103 sau balerini de piele cu v\u00e2rful p\u0103trat. Nu uita de <a href=\"https:\/\/answear.ro\/k\/femei?q=ochelari%20de%20soare\"><span style=\"color: #003366;\">ochelarii de soare<\/span><\/a> \u0219i o geant\u0103 de um\u0103r de dimensiuni medii. Iarna po\u021bi purta acest look cu cizme cu toc inalt \u0219i o hain\u0103 de l\u00e2n\u0103 supradimensionat\u0103.<\/p>\n<p class=\"kropka\">\u00cen zilele calde ale verii, alege o vest\u0103 de in care poate fi \u00a0asortat\u0103 cu pantaloni cu talie \u00eenalt\u0103 \u00a0largi, cu o fust\u0103 midi sau cu o pereche de blugi drep\u021bi.<\/p>\n<p>.<\/p>\n","protected":false},"excerpt":{"rendered":"<p><span class=\"span-reading-time rt-reading-time\" style=\"display: block;\"><span class=\"rt-label rt-prefix\">Timp de citire <\/span> <span class=\"rt-time\"> 4<\/span> <span class=\"rt-label rt-postfix\">min<\/span><\/span>Cum creezi o \u021binut\u0103 \u00een tendin\u021be cu o vest\u0103? Po\u021bi opta pentru o croial\u0103 atemporal\u0103 sau po\u021bi alege un model \u00een vog\u0103. Pentru un plus de inspira\u021bie, am adunat c\u00e2teva idei de styling, cu vesta \u00een rol principal . \u00cen acest articol vei afla: Ce model de vest\u0103 se potrive\u0219te \u00een zilele mai reci \u0219i &hellip; <a href=\"https:\/\/answear.ro\/blog\/cum-se-poarta-vesta-5-idei-de-styling\/19136\" class=\"more-link\">Continue reading <span class=\"screen-reader-text\">Cum se poart\u0103 vesta \u2013 5 idei de styling  \u00a0<\/span><\/a><\/p>\n","protected":false},"author":44,"featured_media":19138,"comment_status":"closed","ping_status":"closed","sticky":false,"template":"","format":"standard","meta":{"footnotes":""},"categories":[676],"tags":[697,696],"class_list":["post-19136","post","type-post","status-publish","format-standard","has-post-thumbnail","hentry","category-tendinte","tag-cum-se-poarta-vesta","tag-vesta"],"yoast_head":"<!-- This site is optimized with the Yoast SEO plugin v25.8 - https:\/\/yoast.com\/wordpress\/plugins\/seo\/ -->\n<title>Cum se poart\u0103 vesta \u2013 5 idei de styling \u00a0 - Answear<\/title>\n<meta name=\"description\" content=\"Cum creezi o \u021binut\u0103 \u00een tendin\u021be cu o vest\u0103? Po\u021bi opta pentru o croial\u0103 atemporal\u0103 sau po\u021bi alege un model \u00een vog\u0103. Pentru un plus de inspira\u021bie, am adunat\" \/>\n<meta name=\"robots\" content=\"index, follow, max-snippet:-1, max-image-preview:large, max-video-preview:-1\" \/>\n<link rel=\"canonical\" href=\"https:\/\/answear.ro\/blog\/cum-se-poarta-vesta-5-idei-de-styling\/19136\" \/>\n<meta property=\"og:locale\" content=\"en_US\" \/>\n<meta property=\"og:type\" content=\"article\" \/>\n<meta property=\"og:title\" content=\"Cum se poart\u0103 vesta \u2013 5 idei de styling \u00a0 - Answear\" \/>\n<meta property=\"og:description\" content=\"Cum creezi o \u021binut\u0103 \u00een tendin\u021be cu o vest\u0103? Po\u021bi opta pentru o croial\u0103 atemporal\u0103 sau po\u021bi alege un model \u00een vog\u0103. Pentru un plus de inspira\u021bie, am adunat\" \/>\n<meta property=\"og:url\" content=\"https:\/\/answear.ro\/blog\/cum-se-poarta-vesta-5-idei-de-styling\/19136\" \/>\n<meta property=\"og:site_name\" content=\"Answear\" \/>\n<meta property=\"article:published_time\" content=\"2024-04-11T10:00:35+00:00\" \/>\n<meta property=\"article:modified_time\" content=\"2024-04-23T10:11:04+00:00\" \/>\n<meta property=\"og:image\" content=\"https:\/\/answear.ro\/blog\/wp-content\/uploads\/2024\/04\/vesta-idei-de-styling.jpg\" \/>\n\t<meta property=\"og:image:width\" content=\"1684\" \/>\n\t<meta property=\"og:image:height\" content=\"680\" \/>\n\t<meta property=\"og:image:type\" content=\"image\/jpeg\" \/>\n<meta name=\"author\" content=\"Cristina\" \/>\n<meta name=\"twitter:card\" content=\"summary_large_image\" \/>\n<meta name=\"twitter:label1\" content=\"Written by\" \/>\n\t<meta name=\"twitter:data1\" content=\"Cristina\" \/>\n\t<meta name=\"twitter:label2\" content=\"Est. reading time\" \/>\n\t<meta name=\"twitter:data2\" content=\"4 minutes\" \/>\n<script type=\"application\/ld+json\" class=\"yoast-schema-graph\">{\"@context\":\"https:\/\/schema.org\",\"@graph\":[{\"@type\":\"WebPage\",\"@id\":\"https:\/\/answear.ro\/blog\/cum-se-poarta-vesta-5-idei-de-styling\/19136\",\"url\":\"https:\/\/answear.ro\/blog\/cum-se-poarta-vesta-5-idei-de-styling\/19136\",\"name\":\"Cum se poart\u0103 vesta \u2013 5 idei de styling \u00a0 - Answear\",\"isPartOf\":{\"@id\":\"https:\/\/answear.ro\/blog\/#website\"},\"primaryImageOfPage\":{\"@id\":\"https:\/\/answear.ro\/blog\/cum-se-poarta-vesta-5-idei-de-styling\/19136#primaryimage\"},\"image\":{\"@id\":\"https:\/\/answear.ro\/blog\/cum-se-poarta-vesta-5-idei-de-styling\/19136#primaryimage\"},\"thumbnailUrl\":\"https:\/\/answear.ro\/blog\/wp-content\/uploads\/2024\/04\/vesta-idei-de-styling.jpg\",\"datePublished\":\"2024-04-11T10:00:35+00:00\",\"dateModified\":\"2024-04-23T10:11:04+00:00\",\"author\":{\"@id\":\"https:\/\/answear.ro\/blog\/#\/schema\/person\/32271163793926a73eeb20bfee713018\"},\"description\":\"Cum creezi o \u021binut\u0103 \u00een tendin\u021be cu o vest\u0103? Po\u021bi opta pentru o croial\u0103 atemporal\u0103 sau po\u021bi alege un model \u00een vog\u0103. Pentru un plus de inspira\u021bie, am adunat\",\"breadcrumb\":{\"@id\":\"https:\/\/answear.ro\/blog\/cum-se-poarta-vesta-5-idei-de-styling\/19136#breadcrumb\"},\"inLanguage\":\"en-US\",\"potentialAction\":[{\"@type\":\"ReadAction\",\"target\":[\"https:\/\/answear.ro\/blog\/cum-se-poarta-vesta-5-idei-de-styling\/19136\"]}]},{\"@type\":\"ImageObject\",\"inLanguage\":\"en-US\",\"@id\":\"https:\/\/answear.ro\/blog\/cum-se-poarta-vesta-5-idei-de-styling\/19136#primaryimage\",\"url\":\"https:\/\/answear.ro\/blog\/wp-content\/uploads\/2024\/04\/vesta-idei-de-styling.jpg\",\"contentUrl\":\"https:\/\/answear.ro\/blog\/wp-content\/uploads\/2024\/04\/vesta-idei-de-styling.jpg\",\"width\":1684,\"height\":680},{\"@type\":\"BreadcrumbList\",\"@id\":\"https:\/\/answear.ro\/blog\/cum-se-poarta-vesta-5-idei-de-styling\/19136#breadcrumb\",\"itemListElement\":[{\"@type\":\"ListItem\",\"position\":1,\"name\":\"Home\",\"item\":\"https:\/\/answear.ro\/blog\/\"},{\"@type\":\"ListItem\",\"position\":2,\"name\":\"Cum se poart\u0103 vesta \u2013 5 idei de styling \u00a0\"}]},{\"@type\":\"WebSite\",\"@id\":\"https:\/\/answear.ro\/blog\/#website\",\"url\":\"https:\/\/answear.ro\/blog\/\",\"name\":\"Answear\",\"description\":\"\",\"potentialAction\":[{\"@type\":\"SearchAction\",\"target\":{\"@type\":\"EntryPoint\",\"urlTemplate\":\"https:\/\/answear.ro\/blog\/?s={search_term_string}\"},\"query-input\":{\"@type\":\"PropertyValueSpecification\",\"valueRequired\":true,\"valueName\":\"search_term_string\"}}],\"inLanguage\":\"en-US\"},{\"@type\":\"Person\",\"@id\":\"https:\/\/answear.ro\/blog\/#\/schema\/person\/32271163793926a73eeb20bfee713018\",\"name\":\"Cristina\",\"image\":{\"@type\":\"ImageObject\",\"inLanguage\":\"en-US\",\"@id\":\"https:\/\/answear.ro\/blog\/#\/schema\/person\/image\/\",\"url\":\"https:\/\/secure.gravatar.com\/avatar\/adef1c3e92e23d6baa3a21f9efbb6be71a2af4984d0285ffc0138ec9c004d810?s=96&r=g\",\"contentUrl\":\"https:\/\/secure.gravatar.com\/avatar\/adef1c3e92e23d6baa3a21f9efbb6be71a2af4984d0285ffc0138ec9c004d810?s=96&r=g\",\"caption\":\"Cristina\"},\"url\":\"https:\/\/answear.ro\/blog\/author\/cristina\"}]}<\/script>\n<!-- \/ Yoast SEO plugin. -->","yoast_head_json":{"title":"Cum se poart\u0103 vesta \u2013 5 idei de styling \u00a0 - Answear","description":"Cum creezi o \u021binut\u0103 \u00een tendin\u021be cu o vest\u0103? Po\u021bi opta pentru o croial\u0103 atemporal\u0103 sau po\u021bi alege un model \u00een vog\u0103. Pentru un plus de inspira\u021bie, am adunat","robots":{"index":"index","follow":"follow","max-snippet":"max-snippet:-1","max-image-preview":"max-image-preview:large","max-video-preview":"max-video-preview:-1"},"canonical":"https:\/\/answear.ro\/blog\/cum-se-poarta-vesta-5-idei-de-styling\/19136","og_locale":"en_US","og_type":"article","og_title":"Cum se poart\u0103 vesta \u2013 5 idei de styling \u00a0 - Answear","og_description":"Cum creezi o \u021binut\u0103 \u00een tendin\u021be cu o vest\u0103? Po\u021bi opta pentru o croial\u0103 atemporal\u0103 sau po\u021bi alege un model \u00een vog\u0103. Pentru un plus de inspira\u021bie, am adunat","og_url":"https:\/\/answear.ro\/blog\/cum-se-poarta-vesta-5-idei-de-styling\/19136","og_site_name":"Answear","article_published_time":"2024-04-11T10:00:35+00:00","article_modified_time":"2024-04-23T10:11:04+00:00","og_image":[{"width":1684,"height":680,"url":"https:\/\/answear.ro\/blog\/wp-content\/uploads\/2024\/04\/vesta-idei-de-styling.jpg","type":"image\/jpeg"}],"author":"Cristina","twitter_card":"summary_large_image","twitter_misc":{"Written by":"Cristina","Est. reading time":"4 minutes"},"schema":{"@context":"https:\/\/schema.org","@graph":[{"@type":"WebPage","@id":"https:\/\/answear.ro\/blog\/cum-se-poarta-vesta-5-idei-de-styling\/19136","url":"https:\/\/answear.ro\/blog\/cum-se-poarta-vesta-5-idei-de-styling\/19136","name":"Cum se poart\u0103 vesta \u2013 5 idei de styling \u00a0 - Answear","isPartOf":{"@id":"https:\/\/answear.ro\/blog\/#website"},"primaryImageOfPage":{"@id":"https:\/\/answear.ro\/blog\/cum-se-poarta-vesta-5-idei-de-styling\/19136#primaryimage"},"image":{"@id":"https:\/\/answear.ro\/blog\/cum-se-poarta-vesta-5-idei-de-styling\/19136#primaryimage"},"thumbnailUrl":"https:\/\/answear.ro\/blog\/wp-content\/uploads\/2024\/04\/vesta-idei-de-styling.jpg","datePublished":"2024-04-11T10:00:35+00:00","dateModified":"2024-04-23T10:11:04+00:00","author":{"@id":"https:\/\/answear.ro\/blog\/#\/schema\/person\/32271163793926a73eeb20bfee713018"},"description":"Cum creezi o \u021binut\u0103 \u00een tendin\u021be cu o vest\u0103? Po\u021bi opta pentru o croial\u0103 atemporal\u0103 sau po\u021bi alege un model \u00een vog\u0103. Pentru un plus de inspira\u021bie, am adunat","breadcrumb":{"@id":"https:\/\/answear.ro\/blog\/cum-se-poarta-vesta-5-idei-de-styling\/19136#breadcrumb"},"inLanguage":"en-US","potentialAction":[{"@type":"ReadAction","target":["https:\/\/answear.ro\/blog\/cum-se-poarta-vesta-5-idei-de-styling\/19136"]}]},{"@type":"ImageObject","inLanguage":"en-US","@id":"https:\/\/answear.ro\/blog\/cum-se-poarta-vesta-5-idei-de-styling\/19136#primaryimage","url":"https:\/\/answear.ro\/blog\/wp-content\/uploads\/2024\/04\/vesta-idei-de-styling.jpg","contentUrl":"https:\/\/answear.ro\/blog\/wp-content\/uploads\/2024\/04\/vesta-idei-de-styling.jpg","width":1684,"height":680},{"@type":"BreadcrumbList","@id":"https:\/\/answear.ro\/blog\/cum-se-poarta-vesta-5-idei-de-styling\/19136#breadcrumb","itemListElement":[{"@type":"ListItem","position":1,"name":"Home","item":"https:\/\/answear.ro\/blog\/"},{"@type":"ListItem","position":2,"name":"Cum se poart\u0103 vesta \u2013 5 idei de styling \u00a0"}]},{"@type":"WebSite","@id":"https:\/\/answear.ro\/blog\/#website","url":"https:\/\/answear.ro\/blog\/","name":"Answear","description":"","potentialAction":[{"@type":"SearchAction","target":{"@type":"EntryPoint","urlTemplate":"https:\/\/answear.ro\/blog\/?s={search_term_string}"},"query-input":{"@type":"PropertyValueSpecification","valueRequired":true,"valueName":"search_term_string"}}],"inLanguage":"en-US"},{"@type":"Person","@id":"https:\/\/answear.ro\/blog\/#\/schema\/person\/32271163793926a73eeb20bfee713018","name":"Cristina","image":{"@type":"ImageObject","inLanguage":"en-US","@id":"https:\/\/answear.ro\/blog\/#\/schema\/person\/image\/","url":"https:\/\/secure.gravatar.com\/avatar\/adef1c3e92e23d6baa3a21f9efbb6be71a2af4984d0285ffc0138ec9c004d810?s=96&r=g","contentUrl":"https:\/\/secure.gravatar.com\/avatar\/adef1c3e92e23d6baa3a21f9efbb6be71a2af4984d0285ffc0138ec9c004d810?s=96&r=g","caption":"Cristina"},"url":"https:\/\/answear.ro\/blog\/author\/cristina"}]}},"_links":{"self":[{"href":"https:\/\/answear.ro\/blog\/wp-json\/wp\/v2\/posts\/19136","targetHints":{"allow":["GET"]}}],"collection":[{"href":"https:\/\/answear.ro\/blog\/wp-json\/wp\/v2\/posts"}],"about":[{"href":"https:\/\/answear.ro\/blog\/wp-json\/wp\/v2\/types\/post"}],"author":[{"embeddable":true,"href":"https:\/\/answear.ro\/blog\/wp-json\/wp\/v2\/users\/44"}],"replies":[{"embeddable":true,"href":"https:\/\/answear.ro\/blog\/wp-json\/wp\/v2\/comments?post=19136"}],"version-history":[{"count":6,"href":"https:\/\/answear.ro\/blog\/wp-json\/wp\/v2\/posts\/19136\/revisions"}],"predecessor-version":[{"id":19144,"href":"https:\/\/answear.ro\/blog\/wp-json\/wp\/v2\/posts\/19136\/revisions\/19144"}],"wp:featuredmedia":[{"embeddable":true,"href":"https:\/\/answear.ro\/blog\/wp-json\/wp\/v2\/media\/19138"}],"wp:attachment":[{"href":"https:\/\/answear.ro\/blog\/wp-json\/wp\/v2\/media?parent=19136"}],"wp:term":[{"taxonomy":"category","embeddable":true,"href":"https:\/\/answear.ro\/blog\/wp-json\/wp\/v2\/categories?post=19136"},{"taxonomy":"post_tag","embeddable":true,"href":"https:\/\/answear.ro\/blog\/wp-json\/wp\/v2\/tags?post=19136"}],"curies":[{"name":"wp","href":"https:\/\/api.w.org\/{rel}","templated":true}]}}