{"id":19175,"date":"2024-04-23T12:51:56","date_gmt":"2024-04-23T09:51:56","guid":{"rendered":"https:\/\/answear.ro\/blog\/?p=19175"},"modified":"2024-08-06T15:44:17","modified_gmt":"2024-08-06T12:44:17","slug":"culoarea-visiniu-o-alegere-indrazneata-pentru-sezonul-de-vara-2024","status":"publish","type":"post","link":"https:\/\/answear.ro\/blog\/culoarea-visiniu-o-alegere-indrazneata-pentru-sezonul-de-vara-2024\/19175","title":{"rendered":"Culoarea vi\u0219iniu \u2013 o alegere \u00eendr\u0103znea\u021b\u0103 pentru sezonul de var\u0103 2024"},"content":{"rendered":"<span class=\"span-reading-time rt-reading-time\" style=\"display: block;\"><span class=\"rt-label rt-prefix\">Timp de citire <\/span> <span class=\"rt-time\"> 3<\/span> <span class=\"rt-label rt-postfix\">min<\/span><\/span><p><strong>Culoarea vi\u0219iniu s-a situat \u00een topul tendin\u021belor cromatice \u00eenc\u0103 din 2023, iar\u00a0 interesul pentru look-urile burgundy continu\u0103. Cu siguran\u021b\u0103, acest trend va domina \u00een sezonul de var\u0103.<\/p>\n<p>\u00cen acest articol \u00ee\u021bi dezv\u0103luim mai multe detalii despre acest trend, plus c\u00e2teva idei pentru \u021binute c\u00e2t mai creative \u0219i originale.<\/strong><!--more--><\/p>\n<p>Din acest articol vei afla:<\/p>\n<ol>\n<li style=\"list-style-type: none;\">\n<ol>\n<li>Cum s\u0103 por\u021bi pantalonii vi\u0219inii vara;<\/li>\n<li>Cum se poart\u0103 blugii vi\u0219inii;<\/li>\n<li>Cum se poart\u0103 pantalonii vi\u0219inii la diferite ocazii;<\/li>\n<li>Ce culori se asorteaz\u0103 cu vi\u0219iniu?<\/li>\n<\/ol>\n<\/li>\n<\/ol>\n<p><strong>\u00a0<\/strong><\/p>\n<h2><strong>Pantaloni de dama burgundy. Cum se poart\u0103 acest item<\/strong><\/h2>\n<p class=\"bigletter\">Burgundy este o culoare unic\u0103, rezultat\u0103 din amestecul de ro\u0219u \u0219i maro. Chiar dac\u0103 \u00een anii trecu\u021bi ap\u0103rea ocazional pe podiumuri, a devenit un adev\u0103rat hit \u00een ultimele sezoane. Este o nuan\u021b\u0103 care se reg\u0103se\u0219te \u00een general \u00een colec\u021biile de toamn\u0103-iarn\u0103, dar iat\u0103 c\u0103 nu va lipsi nici din propunerile pentru vara 2024. Pantalonii bordeaux ies \u00een eviden\u021b\u0103, indiferent de croial\u0103. Bermudele \u0219i pantalonii capri elegan\u021bi \u00een aceast\u0103 culoare vor fi un must-have, la fel ca blugii evaza\u021bi.<\/p>\n<p>.<img loading=\"lazy\" decoding=\"async\" class=\"alignnone size-full wp-image-19177\" src=\"https:\/\/answear.ro\/blog\/wp-content\/uploads\/2024\/05\/inside_photo.png\" alt=\"\" width=\"6700\" height=\"3700\" srcset=\"https:\/\/answear.ro\/blog\/wp-content\/uploads\/2024\/05\/inside_photo.png 6700w, https:\/\/answear.ro\/blog\/wp-content\/uploads\/2024\/05\/inside_photo-1259x695.png 1259w, https:\/\/answear.ro\/blog\/wp-content\/uploads\/2024\/05\/inside_photo-1536x848.png 1536w, https:\/\/answear.ro\/blog\/wp-content\/uploads\/2024\/05\/inside_photo-2048x1131.png 2048w\" sizes=\"auto, (max-width: 6700px) 100vw, 6700px\" \/><\/p>\n<h2><strong>Blugi burgundy pentru femei &#8211; idei de styling de var\u0103<\/strong><\/h2>\n<p>\u021ainutele burgundy purtate \u00een timpul verii sunt o alegere \u00eendr\u0103znea\u021b\u0103 \u0219i elegant\u0103. Aceast\u0103 culoare str\u0103lucitoare arat\u0103 foarte bine \u00een combina\u021bie cu nuan\u021bele metalice, care accentueaz\u0103 frumos bronzul de var\u0103. Argintul \u0219i auriul pot fi folosite ca accesorii dar \u0219i \u00een \u00eembr\u0103c\u0103minte. O nuan\u021b\u0103 \u00eenchis\u0103 burgundy va ar\u0103ta bine pe o pereche de \u0219lapi minimali\u0219ti sau pe o pereche de balerini. De asemenea, blugii burgundy asorta\u021bi cu o c\u0103ma\u0219\u0103 cu imprimeuri, pot contura o apari\u021bie plin\u0103 de efect. Un outfit prea \u00eendr\u0103zne\u021b? Elementele de baz\u0103 binecunoscute se potrivesc foarte bine cu acest accent de culoare \u00a0&#8211; geaca de piele neagr\u0103, c\u0103ma\u0219a clasic\u0103 sau un tricou gri.<\/p>\n<h2><strong>Pantaloni vi\u0219inii \u00een combina\u021bii inedite<\/strong><\/h2>\n<p>Purpuriu, ro\u0219u vi\u0219iniu \u0219i burgundy sunt tonuri foarte apropiate care ar trebui s\u0103 fie luminate cu gri. O \u021binut\u0103 format\u0103 din aceste dou\u0103 culori va avea garantat un efect wow chiar dac\u0103 este compus\u0103 doar din blugi \u0219i tricou. Adaug\u0103 un top alb str\u0103lucitor sau nude pentru un aspect mai echilibrat.<\/p>\n<p>Cei care iubesc s\u0103 \u00eencerce combina\u021bii mai \u00eendr\u0103zne\u021be, pot opta pentru un amestec de culori vibrante. Poart\u0103 o pereche de pantaloni vi\u0219inii cu un top sau cu o c\u0103ma\u0219\u0103 scurt\u0103 turcoaz. Aceasta \u021binut\u0103 poate fi purtat\u0103 la o petrecere sau chiar la o plimbare pe plaj\u0103. Festivalurile sunt de asemenea o bun\u0103 oportunitate pentru \u021binute pline de personalitate. Pantalonii boho burgundy sunt un item ideal pentru un look reusit. Cizme de cowboy maro, un top mini din dantel\u0103 crem \u0219i multe bijuterii cu margele vor completa perfect \u021binuta de concert.<\/p>\n<p><img loading=\"lazy\" decoding=\"async\" class=\"alignnone size-full wp-image-19176\" src=\"https:\/\/answear.ro\/blog\/wp-content\/uploads\/2024\/05\/inside_photo_2.jpg\" alt=\"\" width=\"1290\" height=\"860\" srcset=\"https:\/\/answear.ro\/blog\/wp-content\/uploads\/2024\/05\/inside_photo_2.jpg 1290w, https:\/\/answear.ro\/blog\/wp-content\/uploads\/2024\/05\/inside_photo_2-1043x695.jpg 1043w, https:\/\/answear.ro\/blog\/wp-content\/uploads\/2024\/05\/inside_photo_2-272x182.jpg 272w\" sizes=\"auto, (max-width: 1290px) 100vw, 1290px\" \/><\/p>\n<h2><strong>Combina\u021bii de culori armonioase<\/strong><\/h2>\n<p>Culoarea vi\u0219iniu este distinct\u0103 \u0219i versatil\u0103. Al\u0103turi de alb \u0219i negru, poate oferi un aspect discret, \u00een timp ce bejul sau griul o atenueaz\u0103. O combina\u021bie armonioas\u0103 este garantat\u0103 \u00een combina\u021bie cu verde, maro, fucsia \u0219i ro\u0219u. Culorile \u00eenchise pot fi \u00eenlocuite cu roz pastel, albastru \u0219i o nuan\u021b\u0103 de galben, cum ar fi mu\u0219tarul.<\/p>\n<p>O combina\u021bie monocrom\u0103 poate p\u0103rea \u00eentunecat\u0103 pentru un outfit de vacan\u021b\u0103, a\u0219a c\u0103 ar fi mai bine s\u0103 alegi o combina\u021bie cromatic\u0103 \u00eendr\u0103znea\u021b\u0103. Adaug\u0103 o curea metalic\u0103 din lan\u021buri pentru a oferi un accent de efect unor pantaloni maro. Dac\u0103 esti adepta unui look casual, alege accesorii \u00eempletite maro sau bleumarin.<\/p>\n<h2><strong>Inspira\u021bie pentru sezonul de var\u0103 cu pantaloni vi\u0219inii<\/strong><\/h2>\n<p>Culoarea vi\u0219iniu este cel mai des v\u0103zut\u0103 \u00een sezonul rece, dar arat\u0103 foarte bine \u0219i \u00een \u021binutele estivale. Pantalonii vi\u0219inii de exemplu, pot repreznta o baz\u0103 important\u0103 a \u021binutelor de var\u0103. \u00cen zilele c\u0103lduroase bermudele, pantalonii palazzo sau pantalonii scur\u021bi se vor dovedi a fi alegeri foarte inspirate. Pot \u00eenlocui cu u\u0219urin\u021b\u0103 rochiile \u0219i salopetele vaporoase de var\u0103.<\/p>\n<p class=\"kropka\">Pentru un contrast de efect pot fi purta\u021bi cu bluze verde smarald sau roz pastel. Adida\u0219ii albi \u0219i ochelarii de soare cu rame supradimensionate pot fi accesoriile esen\u021biale pentru un outfit creativ.<\/p>\n<p>.<\/p>\n","protected":false},"excerpt":{"rendered":"<p><span class=\"span-reading-time rt-reading-time\" style=\"display: block;\"><span class=\"rt-label rt-prefix\">Timp de citire <\/span> <span class=\"rt-time\"> 3<\/span> <span class=\"rt-label rt-postfix\">min<\/span><\/span>Culoarea vi\u0219iniu s-a situat \u00een topul tendin\u021belor cromatice \u00eenc\u0103 din 2023, iar\u00a0 interesul pentru look-urile burgundy continu\u0103. Cu siguran\u021b\u0103, acest trend va domina \u00een sezonul de var\u0103. \u00cen acest articol \u00ee\u021bi dezv\u0103luim mai multe detalii despre acest trend, plus c\u00e2teva idei pentru \u021binute c\u00e2t mai creative \u0219i originale.<\/p>\n","protected":false},"author":44,"featured_media":19178,"comment_status":"closed","ping_status":"closed","sticky":false,"template":"","format":"standard","meta":{"footnotes":""},"categories":[676],"tags":[],"class_list":["post-19175","post","type-post","status-publish","format-standard","has-post-thumbnail","hentry","category-tendinte"],"yoast_head":"<!-- This site is optimized with the Yoast SEO plugin v25.8 - https:\/\/yoast.com\/wordpress\/plugins\/seo\/ -->\n<title>Culoarea vi\u0219iniu \u2013 o alegere \u00eendr\u0103znea\u021b\u0103 pentru sezonul de var\u0103 2024 - Answear<\/title>\n<meta name=\"description\" content=\"Culoarea vi\u0219iniu s-a situat \u00een topul tendin\u021belor cromatice \u00eenc\u0103 din 2023, iar\u00a0 interesul pentru look-urile burgundy continu\u0103. Cu siguran\u021b\u0103, acest trend va\" \/>\n<meta name=\"robots\" content=\"index, follow, max-snippet:-1, max-image-preview:large, max-video-preview:-1\" \/>\n<link rel=\"canonical\" href=\"https:\/\/answear.ro\/blog\/culoarea-visiniu-o-alegere-indrazneata-pentru-sezonul-de-vara-2024\/19175\" \/>\n<meta property=\"og:locale\" content=\"en_US\" \/>\n<meta property=\"og:type\" content=\"article\" \/>\n<meta property=\"og:title\" content=\"Culoarea vi\u0219iniu \u2013 o alegere \u00eendr\u0103znea\u021b\u0103 pentru sezonul de var\u0103 2024 - Answear\" \/>\n<meta property=\"og:description\" content=\"Culoarea vi\u0219iniu s-a situat \u00een topul tendin\u021belor cromatice \u00eenc\u0103 din 2023, iar\u00a0 interesul pentru look-urile burgundy continu\u0103. Cu siguran\u021b\u0103, acest trend va\" \/>\n<meta property=\"og:url\" content=\"https:\/\/answear.ro\/blog\/culoarea-visiniu-o-alegere-indrazneata-pentru-sezonul-de-vara-2024\/19175\" \/>\n<meta property=\"og:site_name\" content=\"Answear\" \/>\n<meta property=\"article:published_time\" content=\"2024-04-23T09:51:56+00:00\" \/>\n<meta property=\"article:modified_time\" content=\"2024-08-06T12:44:17+00:00\" \/>\n<meta property=\"og:image\" content=\"https:\/\/answear.ro\/blog\/wp-content\/uploads\/2024\/05\/main_photo-2.jpg\" \/>\n\t<meta property=\"og:image:width\" content=\"1693\" \/>\n\t<meta property=\"og:image:height\" content=\"680\" \/>\n\t<meta property=\"og:image:type\" content=\"image\/jpeg\" \/>\n<meta name=\"author\" content=\"Cristina\" \/>\n<meta name=\"twitter:card\" content=\"summary_large_image\" \/>\n<meta name=\"twitter:label1\" content=\"Written by\" \/>\n\t<meta name=\"twitter:data1\" content=\"Cristina\" \/>\n\t<meta name=\"twitter:label2\" content=\"Est. reading time\" \/>\n\t<meta name=\"twitter:data2\" content=\"4 minutes\" \/>\n<script type=\"application\/ld+json\" class=\"yoast-schema-graph\">{\"@context\":\"https:\/\/schema.org\",\"@graph\":[{\"@type\":\"WebPage\",\"@id\":\"https:\/\/answear.ro\/blog\/culoarea-visiniu-o-alegere-indrazneata-pentru-sezonul-de-vara-2024\/19175\",\"url\":\"https:\/\/answear.ro\/blog\/culoarea-visiniu-o-alegere-indrazneata-pentru-sezonul-de-vara-2024\/19175\",\"name\":\"Culoarea vi\u0219iniu \u2013 o alegere \u00eendr\u0103znea\u021b\u0103 pentru sezonul de var\u0103 2024 - Answear\",\"isPartOf\":{\"@id\":\"https:\/\/answear.ro\/blog\/#website\"},\"primaryImageOfPage\":{\"@id\":\"https:\/\/answear.ro\/blog\/culoarea-visiniu-o-alegere-indrazneata-pentru-sezonul-de-vara-2024\/19175#primaryimage\"},\"image\":{\"@id\":\"https:\/\/answear.ro\/blog\/culoarea-visiniu-o-alegere-indrazneata-pentru-sezonul-de-vara-2024\/19175#primaryimage\"},\"thumbnailUrl\":\"https:\/\/answear.ro\/blog\/wp-content\/uploads\/2024\/05\/main_photo-2.jpg\",\"datePublished\":\"2024-04-23T09:51:56+00:00\",\"dateModified\":\"2024-08-06T12:44:17+00:00\",\"author\":{\"@id\":\"https:\/\/answear.ro\/blog\/#\/schema\/person\/32271163793926a73eeb20bfee713018\"},\"description\":\"Culoarea vi\u0219iniu s-a situat \u00een topul tendin\u021belor cromatice \u00eenc\u0103 din 2023, iar\u00a0 interesul pentru look-urile burgundy continu\u0103. Cu siguran\u021b\u0103, acest trend va\",\"breadcrumb\":{\"@id\":\"https:\/\/answear.ro\/blog\/culoarea-visiniu-o-alegere-indrazneata-pentru-sezonul-de-vara-2024\/19175#breadcrumb\"},\"inLanguage\":\"en-US\",\"potentialAction\":[{\"@type\":\"ReadAction\",\"target\":[\"https:\/\/answear.ro\/blog\/culoarea-visiniu-o-alegere-indrazneata-pentru-sezonul-de-vara-2024\/19175\"]}]},{\"@type\":\"ImageObject\",\"inLanguage\":\"en-US\",\"@id\":\"https:\/\/answear.ro\/blog\/culoarea-visiniu-o-alegere-indrazneata-pentru-sezonul-de-vara-2024\/19175#primaryimage\",\"url\":\"https:\/\/answear.ro\/blog\/wp-content\/uploads\/2024\/05\/main_photo-2.jpg\",\"contentUrl\":\"https:\/\/answear.ro\/blog\/wp-content\/uploads\/2024\/05\/main_photo-2.jpg\",\"width\":1693,\"height\":680},{\"@type\":\"BreadcrumbList\",\"@id\":\"https:\/\/answear.ro\/blog\/culoarea-visiniu-o-alegere-indrazneata-pentru-sezonul-de-vara-2024\/19175#breadcrumb\",\"itemListElement\":[{\"@type\":\"ListItem\",\"position\":1,\"name\":\"Home\",\"item\":\"https:\/\/answear.ro\/blog\/\"},{\"@type\":\"ListItem\",\"position\":2,\"name\":\"Culoarea vi\u0219iniu \u2013 o alegere \u00eendr\u0103znea\u021b\u0103 pentru sezonul de var\u0103 2024\"}]},{\"@type\":\"WebSite\",\"@id\":\"https:\/\/answear.ro\/blog\/#website\",\"url\":\"https:\/\/answear.ro\/blog\/\",\"name\":\"Answear\",\"description\":\"\",\"potentialAction\":[{\"@type\":\"SearchAction\",\"target\":{\"@type\":\"EntryPoint\",\"urlTemplate\":\"https:\/\/answear.ro\/blog\/?s={search_term_string}\"},\"query-input\":{\"@type\":\"PropertyValueSpecification\",\"valueRequired\":true,\"valueName\":\"search_term_string\"}}],\"inLanguage\":\"en-US\"},{\"@type\":\"Person\",\"@id\":\"https:\/\/answear.ro\/blog\/#\/schema\/person\/32271163793926a73eeb20bfee713018\",\"name\":\"Cristina\",\"image\":{\"@type\":\"ImageObject\",\"inLanguage\":\"en-US\",\"@id\":\"https:\/\/answear.ro\/blog\/#\/schema\/person\/image\/\",\"url\":\"https:\/\/secure.gravatar.com\/avatar\/adef1c3e92e23d6baa3a21f9efbb6be71a2af4984d0285ffc0138ec9c004d810?s=96&r=g\",\"contentUrl\":\"https:\/\/secure.gravatar.com\/avatar\/adef1c3e92e23d6baa3a21f9efbb6be71a2af4984d0285ffc0138ec9c004d810?s=96&r=g\",\"caption\":\"Cristina\"},\"url\":\"https:\/\/answear.ro\/blog\/author\/cristina\"}]}<\/script>\n<!-- \/ Yoast SEO plugin. -->","yoast_head_json":{"title":"Culoarea vi\u0219iniu \u2013 o alegere \u00eendr\u0103znea\u021b\u0103 pentru sezonul de var\u0103 2024 - Answear","description":"Culoarea vi\u0219iniu s-a situat \u00een topul tendin\u021belor cromatice \u00eenc\u0103 din 2023, iar\u00a0 interesul pentru look-urile burgundy continu\u0103. Cu siguran\u021b\u0103, acest trend va","robots":{"index":"index","follow":"follow","max-snippet":"max-snippet:-1","max-image-preview":"max-image-preview:large","max-video-preview":"max-video-preview:-1"},"canonical":"https:\/\/answear.ro\/blog\/culoarea-visiniu-o-alegere-indrazneata-pentru-sezonul-de-vara-2024\/19175","og_locale":"en_US","og_type":"article","og_title":"Culoarea vi\u0219iniu \u2013 o alegere \u00eendr\u0103znea\u021b\u0103 pentru sezonul de var\u0103 2024 - Answear","og_description":"Culoarea vi\u0219iniu s-a situat \u00een topul tendin\u021belor cromatice \u00eenc\u0103 din 2023, iar\u00a0 interesul pentru look-urile burgundy continu\u0103. Cu siguran\u021b\u0103, acest trend va","og_url":"https:\/\/answear.ro\/blog\/culoarea-visiniu-o-alegere-indrazneata-pentru-sezonul-de-vara-2024\/19175","og_site_name":"Answear","article_published_time":"2024-04-23T09:51:56+00:00","article_modified_time":"2024-08-06T12:44:17+00:00","og_image":[{"width":1693,"height":680,"url":"https:\/\/answear.ro\/blog\/wp-content\/uploads\/2024\/05\/main_photo-2.jpg","type":"image\/jpeg"}],"author":"Cristina","twitter_card":"summary_large_image","twitter_misc":{"Written by":"Cristina","Est. reading time":"4 minutes"},"schema":{"@context":"https:\/\/schema.org","@graph":[{"@type":"WebPage","@id":"https:\/\/answear.ro\/blog\/culoarea-visiniu-o-alegere-indrazneata-pentru-sezonul-de-vara-2024\/19175","url":"https:\/\/answear.ro\/blog\/culoarea-visiniu-o-alegere-indrazneata-pentru-sezonul-de-vara-2024\/19175","name":"Culoarea vi\u0219iniu \u2013 o alegere \u00eendr\u0103znea\u021b\u0103 pentru sezonul de var\u0103 2024 - Answear","isPartOf":{"@id":"https:\/\/answear.ro\/blog\/#website"},"primaryImageOfPage":{"@id":"https:\/\/answear.ro\/blog\/culoarea-visiniu-o-alegere-indrazneata-pentru-sezonul-de-vara-2024\/19175#primaryimage"},"image":{"@id":"https:\/\/answear.ro\/blog\/culoarea-visiniu-o-alegere-indrazneata-pentru-sezonul-de-vara-2024\/19175#primaryimage"},"thumbnailUrl":"https:\/\/answear.ro\/blog\/wp-content\/uploads\/2024\/05\/main_photo-2.jpg","datePublished":"2024-04-23T09:51:56+00:00","dateModified":"2024-08-06T12:44:17+00:00","author":{"@id":"https:\/\/answear.ro\/blog\/#\/schema\/person\/32271163793926a73eeb20bfee713018"},"description":"Culoarea vi\u0219iniu s-a situat \u00een topul tendin\u021belor cromatice \u00eenc\u0103 din 2023, iar\u00a0 interesul pentru look-urile burgundy continu\u0103. Cu siguran\u021b\u0103, acest trend va","breadcrumb":{"@id":"https:\/\/answear.ro\/blog\/culoarea-visiniu-o-alegere-indrazneata-pentru-sezonul-de-vara-2024\/19175#breadcrumb"},"inLanguage":"en-US","potentialAction":[{"@type":"ReadAction","target":["https:\/\/answear.ro\/blog\/culoarea-visiniu-o-alegere-indrazneata-pentru-sezonul-de-vara-2024\/19175"]}]},{"@type":"ImageObject","inLanguage":"en-US","@id":"https:\/\/answear.ro\/blog\/culoarea-visiniu-o-alegere-indrazneata-pentru-sezonul-de-vara-2024\/19175#primaryimage","url":"https:\/\/answear.ro\/blog\/wp-content\/uploads\/2024\/05\/main_photo-2.jpg","contentUrl":"https:\/\/answear.ro\/blog\/wp-content\/uploads\/2024\/05\/main_photo-2.jpg","width":1693,"height":680},{"@type":"BreadcrumbList","@id":"https:\/\/answear.ro\/blog\/culoarea-visiniu-o-alegere-indrazneata-pentru-sezonul-de-vara-2024\/19175#breadcrumb","itemListElement":[{"@type":"ListItem","position":1,"name":"Home","item":"https:\/\/answear.ro\/blog\/"},{"@type":"ListItem","position":2,"name":"Culoarea vi\u0219iniu \u2013 o alegere \u00eendr\u0103znea\u021b\u0103 pentru sezonul de var\u0103 2024"}]},{"@type":"WebSite","@id":"https:\/\/answear.ro\/blog\/#website","url":"https:\/\/answear.ro\/blog\/","name":"Answear","description":"","potentialAction":[{"@type":"SearchAction","target":{"@type":"EntryPoint","urlTemplate":"https:\/\/answear.ro\/blog\/?s={search_term_string}"},"query-input":{"@type":"PropertyValueSpecification","valueRequired":true,"valueName":"search_term_string"}}],"inLanguage":"en-US"},{"@type":"Person","@id":"https:\/\/answear.ro\/blog\/#\/schema\/person\/32271163793926a73eeb20bfee713018","name":"Cristina","image":{"@type":"ImageObject","inLanguage":"en-US","@id":"https:\/\/answear.ro\/blog\/#\/schema\/person\/image\/","url":"https:\/\/secure.gravatar.com\/avatar\/adef1c3e92e23d6baa3a21f9efbb6be71a2af4984d0285ffc0138ec9c004d810?s=96&r=g","contentUrl":"https:\/\/secure.gravatar.com\/avatar\/adef1c3e92e23d6baa3a21f9efbb6be71a2af4984d0285ffc0138ec9c004d810?s=96&r=g","caption":"Cristina"},"url":"https:\/\/answear.ro\/blog\/author\/cristina"}]}},"_links":{"self":[{"href":"https:\/\/answear.ro\/blog\/wp-json\/wp\/v2\/posts\/19175","targetHints":{"allow":["GET"]}}],"collection":[{"href":"https:\/\/answear.ro\/blog\/wp-json\/wp\/v2\/posts"}],"about":[{"href":"https:\/\/answear.ro\/blog\/wp-json\/wp\/v2\/types\/post"}],"author":[{"embeddable":true,"href":"https:\/\/answear.ro\/blog\/wp-json\/wp\/v2\/users\/44"}],"replies":[{"embeddable":true,"href":"https:\/\/answear.ro\/blog\/wp-json\/wp\/v2\/comments?post=19175"}],"version-history":[{"count":4,"href":"https:\/\/answear.ro\/blog\/wp-json\/wp\/v2\/posts\/19175\/revisions"}],"predecessor-version":[{"id":19265,"href":"https:\/\/answear.ro\/blog\/wp-json\/wp\/v2\/posts\/19175\/revisions\/19265"}],"wp:featuredmedia":[{"embeddable":true,"href":"https:\/\/answear.ro\/blog\/wp-json\/wp\/v2\/media\/19178"}],"wp:attachment":[{"href":"https:\/\/answear.ro\/blog\/wp-json\/wp\/v2\/media?parent=19175"}],"wp:term":[{"taxonomy":"category","embeddable":true,"href":"https:\/\/answear.ro\/blog\/wp-json\/wp\/v2\/categories?post=19175"},{"taxonomy":"post_tag","embeddable":true,"href":"https:\/\/answear.ro\/blog\/wp-json\/wp\/v2\/tags?post=19175"}],"curies":[{"name":"wp","href":"https:\/\/api.w.org\/{rel}","templated":true}]}}