{"id":19307,"date":"2024-10-03T13:36:36","date_gmt":"2024-10-03T10:36:36","guid":{"rendered":"https:\/\/answear.ro\/blog\/?p=19307"},"modified":"2024-10-03T14:00:21","modified_gmt":"2024-10-03T11:00:21","slug":"cum-sa-porti-culoarea-vedeta-a-sezonului-rosu","status":"publish","type":"post","link":"https:\/\/answear.ro\/blog\/cum-sa-porti-culoarea-vedeta-a-sezonului-rosu\/19307","title":{"rendered":"Cum s\u0103 Por\u021bi Culoarea Vedet\u0103 a Sezonului \u2014 Ro\u0219u"},"content":{"rendered":"<span class=\"span-reading-time rt-reading-time\" style=\"display: block;\"><span class=\"rt-label rt-prefix\">Timp de citire <\/span> <span class=\"rt-time\"> 5<\/span> <span class=\"rt-label rt-postfix\">min<\/span><\/span><p><strong> Ro\u0219ul domin\u0103 tendin\u021bele acestui sezon, aduc\u00e2nd un aer \u00eendr\u0103zne\u021b \u0219i plin de elegan\u021b\u0103 oric\u0103rei \u021binute.<\/strong><\/p>\n<p><s>Adina Vilcea<\/s> , fashion stylist a scris un articol dedicat, cu sfaturi utile despre <span style=\"color: #000080;\"><a style=\"color: #000080;\" href=\"https:\/\/answear.ro\/s\/red-selection\/femei\">purtarea culorii ro\u0219u<\/a><\/span> \u00een noul sezon.<\/p>\n<p><!--more--><\/p>\n<p><img loading=\"lazy\" decoding=\"async\" class=\"alignnone size-full wp-image-19313\" src=\"https:\/\/answear.ro\/blog\/wp-content\/uploads\/2024\/10\/image00004-scaled.jpeg\" alt=\"\" width=\"1707\" height=\"2560\" srcset=\"https:\/\/answear.ro\/blog\/wp-content\/uploads\/2024\/10\/image00004-scaled.jpeg 1707w, https:\/\/answear.ro\/blog\/wp-content\/uploads\/2024\/10\/image00004-463x695.jpeg 463w, https:\/\/answear.ro\/blog\/wp-content\/uploads\/2024\/10\/image00004-1024x1536.jpeg 1024w, https:\/\/answear.ro\/blog\/wp-content\/uploads\/2024\/10\/image00004-1365x2048.jpeg 1365w\" sizes=\"auto, (max-width: 1707px) 100vw, 1707px\" \/><\/p>\n<p class=\"bigletter\">Aceast\u0103 culoare vibrant\u0103 este un simbol al pasiunii \u0219i al \u00eencrederii, fiind ideal\u0103 pentru a te remarca \u00een mul\u021bime. \u00cens\u0103, pentru a purta aceast\u0103 culoare puternic\u0103 \u00een mod echilibrat, trebuie s\u0103 \u0219tii cum s\u0103 o combini \u0219i s\u0103 o stilizezi corect. Iat\u0103 c\u00e2teva sfaturi care te vor ajuta s\u0103 ar\u0103\u021bi impecabil atunci c\u00e2nd alegi s\u0103 incluzi ro\u0219ul \u00een garderoba ta:.<\/p>\n<p>.<\/p>\n<p><img loading=\"lazy\" decoding=\"async\" class=\"alignnone size-full wp-image-19308\" src=\"https:\/\/answear.ro\/blog\/wp-content\/uploads\/2024\/10\/2024-09-09-RED-Mateusz-L-Lukasz-Ida09678-R-scaled.jpg\" alt=\"\" width=\"1707\" height=\"2560\" srcset=\"https:\/\/answear.ro\/blog\/wp-content\/uploads\/2024\/10\/2024-09-09-RED-Mateusz-L-Lukasz-Ida09678-R-scaled.jpg 1707w, https:\/\/answear.ro\/blog\/wp-content\/uploads\/2024\/10\/2024-09-09-RED-Mateusz-L-Lukasz-Ida09678-R-463x695.jpg 463w, https:\/\/answear.ro\/blog\/wp-content\/uploads\/2024\/10\/2024-09-09-RED-Mateusz-L-Lukasz-Ida09678-R-1024x1536.jpg 1024w, https:\/\/answear.ro\/blog\/wp-content\/uploads\/2024\/10\/2024-09-09-RED-Mateusz-L-Lukasz-Ida09678-R-1365x2048.jpg 1365w\" sizes=\"auto, (max-width: 1707px) 100vw, 1707px\" \/><\/p>\n<h1 style=\"text-align: center;\">\u00a0 1. <strong>Alege nuan\u021ba potrivit\u0103 pentru tonul pielii<\/strong><\/h1>\n<p>Ro\u0219ul are multiple nuan\u021be, de la ro\u0219u aprins p\u00e2n\u0103 la tonuri mai \u00eenchise sau chiar ro\u0219u vi\u0219iniu. Alege o nuan\u021b\u0103 care s\u0103-\u021bi complimenteze tenul. Dac\u0103 ai un ton cald, mergi pe nuan\u021be de ro\u0219u cu subtonuri portocalii. Pentru tonuri reci ale pielii, ro\u0219ul cu subtonuri albastre sau vi\u0219iniul vor ar\u0103ta impecabil.<\/p>\n<h1 style=\"text-align: center;\"><strong>2. Ro\u0219u + Culori neutre: Echilibrul perfect<\/strong><\/h1>\n<p>Ro\u0219ul str\u0103luce\u0219te atunci c\u00e2nd este combinat cu culori neutre precum negru, alb, bej sau gri. Po\u021bi echilibra o pies\u0103 vestimentar\u0103 ro\u0219ie \u00eendr\u0103znea\u021b\u0103 cu elemente neutre pentru un look rafinat. De exemplu, o rochie ro\u0219ie asociat\u0103 cu un sacou alb sau o bluz\u0103 ro\u0219ie purtat\u0103 cu pantaloni bej va crea un contrast stilat.<\/p>\n<p><img loading=\"lazy\" decoding=\"async\" class=\"alignnone size-full wp-image-19309\" src=\"https:\/\/answear.ro\/blog\/wp-content\/uploads\/2024\/10\/2024-09-09-RED-Mateusz-L-Lukasz-Ida09611-R-scaled.jpg\" alt=\"\" width=\"1706\" height=\"2560\" srcset=\"https:\/\/answear.ro\/blog\/wp-content\/uploads\/2024\/10\/2024-09-09-RED-Mateusz-L-Lukasz-Ida09611-R-scaled.jpg 1706w, https:\/\/answear.ro\/blog\/wp-content\/uploads\/2024\/10\/2024-09-09-RED-Mateusz-L-Lukasz-Ida09611-R-463x695.jpg 463w, https:\/\/answear.ro\/blog\/wp-content\/uploads\/2024\/10\/2024-09-09-RED-Mateusz-L-Lukasz-Ida09611-R-1024x1536.jpg 1024w, https:\/\/answear.ro\/blog\/wp-content\/uploads\/2024\/10\/2024-09-09-RED-Mateusz-L-Lukasz-Ida09611-R-1365x2048.jpg 1365w\" sizes=\"auto, (max-width: 1706px) 100vw, 1706px\" \/><\/p>\n<h1 style=\"text-align: center;\"><strong>3. Adaug\u0103 accente ro\u0219ii, f\u0103r\u0103 s\u0103 exagerezi<\/strong><\/h1>\n<p>Dac\u0103 nu vrei s\u0103 por\u021bi ro\u0219u din cap p\u00e2n\u0103 \u00een picioare, po\u021bi opta pentru accente subtile: o e\u0219arf\u0103 ro\u0219ie, pantofi sau o geant\u0103 ro\u0219ie vor ad\u0103uga o not\u0103 chic \u021binutei tale. Aceste detalii pot transforma o \u021binut\u0103 simpl\u0103 \u00eentr-una deosebit\u0103, f\u0103r\u0103 a o \u00eenc\u0103rca.<\/p>\n<h1 style=\"text-align: center;\"><strong>4. Pentru un look monocrom, alege texturi diferite<\/strong><\/h1>\n<p>Dac\u0103 e\u0219ti fan\u0103 a unui look all-red, secretul este s\u0103 te joci cu texturile. Combin\u0103 materiale diferite, precum bumbac, m\u0103tase sau l\u00e2n\u0103, pentru a ad\u0103uga profunzime \u0219i interes \u021binutei tale. O rochie din m\u0103tase ro\u0219ie cu un sacou din l\u00e2n\u0103 va crea un efect vizual interesant \u0219i sofisticat.<\/p>\n<p><img loading=\"lazy\" decoding=\"async\" class=\"alignnone size-full wp-image-19310\" src=\"https:\/\/answear.ro\/blog\/wp-content\/uploads\/2024\/10\/2024-09-09-RED-Mateusz-L-Lukasz-Ida09852-R-scaled.jpg\" alt=\"\" width=\"1707\" height=\"2560\" srcset=\"https:\/\/answear.ro\/blog\/wp-content\/uploads\/2024\/10\/2024-09-09-RED-Mateusz-L-Lukasz-Ida09852-R-scaled.jpg 1707w, https:\/\/answear.ro\/blog\/wp-content\/uploads\/2024\/10\/2024-09-09-RED-Mateusz-L-Lukasz-Ida09852-R-463x695.jpg 463w, https:\/\/answear.ro\/blog\/wp-content\/uploads\/2024\/10\/2024-09-09-RED-Mateusz-L-Lukasz-Ida09852-R-1024x1536.jpg 1024w, https:\/\/answear.ro\/blog\/wp-content\/uploads\/2024\/10\/2024-09-09-RED-Mateusz-L-Lukasz-Ida09852-R-1365x2048.jpg 1365w\" sizes=\"auto, (max-width: 1707px) 100vw, 1707px\" \/><\/p>\n<h1 style=\"text-align: center;\"><strong>5. Ro\u0219u pentru evenimente speciale<\/strong><\/h1>\n<p>Ro\u0219ul este o alegere excelent\u0103 pentru ocazii formale sau evenimente de sear\u0103. O rochie de cocktail ro\u0219ie sau un costum ro\u0219u pot fi statement-ul perfect pentru o sear\u0103 memorabil\u0103. Asociaz\u0103-le cu accesorii metalice discrete, precum aurul sau argintul, pentru un plus de elegan\u021b\u0103.<\/p>\n<h1 style=\"text-align: center;\"><strong>6. Machiajul corect: Echilibrul \u00eentre buze \u0219i haine<\/strong><\/h1>\n<p>Dac\u0103 alegi s\u0103 por\u021bi ro\u0219u, ai grij\u0103 la machiaj. Un ruj ro\u0219u poate completa perfect o \u021binut\u0103, dar evit\u0103 s\u0103 folose\u0219ti aceea\u0219i nuan\u021b\u0103 ca \u0219i hainele. Dac\u0103 optezi pentru buze ro\u0219ii, p\u0103streaz\u0103 restul machiajului discret, pentru a nu crea un look \u00eenc\u0103rcat.<\/p>\n<p><img loading=\"lazy\" decoding=\"async\" class=\"alignnone size-full wp-image-19311\" src=\"https:\/\/answear.ro\/blog\/wp-content\/uploads\/2024\/10\/2024-09-09-RED-Mateusz-L-Lukasz-Ida09742-R-scaled.jpg\" alt=\"\" width=\"1707\" height=\"2560\" srcset=\"https:\/\/answear.ro\/blog\/wp-content\/uploads\/2024\/10\/2024-09-09-RED-Mateusz-L-Lukasz-Ida09742-R-scaled.jpg 1707w, https:\/\/answear.ro\/blog\/wp-content\/uploads\/2024\/10\/2024-09-09-RED-Mateusz-L-Lukasz-Ida09742-R-463x695.jpg 463w, https:\/\/answear.ro\/blog\/wp-content\/uploads\/2024\/10\/2024-09-09-RED-Mateusz-L-Lukasz-Ida09742-R-1024x1536.jpg 1024w, https:\/\/answear.ro\/blog\/wp-content\/uploads\/2024\/10\/2024-09-09-RED-Mateusz-L-Lukasz-Ida09742-R-1366x2048.jpg 1366w\" sizes=\"auto, (max-width: 1707px) 100vw, 1707px\" \/><\/p>\n<h1 style=\"text-align: center;\"><strong>7. Ro\u0219u \u00een straturi pentru sezonul rece<\/strong><\/h1>\n<p>Pentru zilele reci, po\u021bi ad\u0103uga ro\u0219ul \u00een straturi. Un palton ro\u0219u vibrant sau un cardigan supradimensionat peste un outfit simplu vor aduce o not\u0103 modern\u0103 \u0219i stilat\u0103. Ro\u0219ul este perfect pentru a-\u021bi ilumina garderoba de toamn\u0103 sau iarn\u0103.<\/p>\n<h2><strong>Gre\u0219eli frecvente atunci c\u00e2nd por\u021bi ro\u0219u<\/strong><\/h2>\n<p>Ro\u0219ul este o culoare puternic\u0103 \u0219i \u00eendr\u0103znea\u021b\u0103, \u00eens\u0103 tocmai intensitatea sa poate duce la c\u00e2teva gre\u0219eli vestimentare comune. Pentru a purta ro\u0219ul cu succes, iat\u0103 ce ar trebui s\u0103 evi\u021bi:<\/p>\n<p style=\"text-align: center;\"><strong>Asocierea cu alte culori intense<\/strong><\/p>\n<p>Ro\u0219ul este deja o culoare dominant\u0103, a\u0219a c\u0103 asocierea sa cu alte culori la fel de vibrante (cum ar fi verde aprins, galben sau portocaliu intens) poate crea un look prea \u00eenc\u0103rcat \u0219i obositor vizual. O solu\u021bie mai sigur\u0103 este s\u0103 combini ro\u0219ul cu nuan\u021be neutre sau culori mai subtile.<\/p>\n<p style=\"text-align: center;\"><strong>Combinarea gre\u0219it\u0103 a nuan\u021belor de ro\u0219u<\/strong><\/p>\n<p>Nu toate nuan\u021bele de ro\u0219u se potrivesc \u00eentre ele. De exemplu, combinarea unui ro\u0219u intens cu un ro\u0219u vi\u0219iniu sau coral poate crea un efect vizual haotic. Este important s\u0103 te asiguri c\u0103 nuan\u021bele pe care le alegi se armonizeaz\u0103 bine sau s\u0103 te limitezi la o singur\u0103 nuan\u021b\u0103 de ro\u0219u \u00een \u021binut\u0103.<\/p>\n<p style=\"text-align: center;\"><strong>Accesorii prea \u00eenc\u0103rcate<\/strong><\/p>\n<p>Ro\u0219ul este deja o culoare care iese \u00een eviden\u021b\u0103, a\u0219a c\u0103 asocierea sa cu accesorii masive sau prea multe bijuterii poate crea un look aglomerat. Alege accesorii minimaliste sau \u00een culori neutre (auriu, argintiu, negru), care s\u0103 completeze, nu s\u0103 concureze cu intensitatea ro\u0219ului.<\/p>\n<p style=\"text-align: center;\"><strong>Nepotrivirea cu tonul pielii<\/strong><\/p>\n<p>Nu toate nuan\u021bele de ro\u0219u se potrivesc fiec\u0103rui ton de piele. Ro\u0219ul aprins sau ro\u0219ul coral pot s\u0103 nu flateze toate tenurile. Dac\u0103 ai un ten mai deschis, nuan\u021bele mai reci sau mai \u00eenchise de ro\u0219u pot fi mai potrivite, \u00een timp ce tenurile calde sunt completate mai bine de nuan\u021be de ro\u0219u portocaliu.<\/p>\n<p style=\"text-align: center;\"><strong>Neglijarea contextului<\/strong><\/p>\n<p>Ro\u0219ul este o culoare puternic\u0103 \u0219i uneori poate fi considerat\u0103 prea \u00eendr\u0103znee\u021b\u0103 pentru anumite contexte. De exemplu, la interviuri sau \u00een medii foarte conservatoare, o \u021binut\u0103 complet ro\u0219ie poate fi perceput\u0103 ca fiind prea agresiv\u0103. \u00cen aceste situa\u021bii, e bine s\u0103 limitezi ro\u0219ul la accente sau piese mici.<\/p>\n<p style=\"text-align: center;\"><strong>Lipsa de echilibru \u00eentre machiaj \u0219i haine<\/strong><\/p>\n<p>O alt\u0103 gre\u0219eal\u0103 frecvent\u0103 este s\u0103 folose\u0219ti acelea\u0219i tonuri de ro\u0219u at\u00e2t pentru machiaj (\u00een special buze) c\u00e2t \u0219i pentru haine, ceea ce poate face look-ul s\u0103 par\u0103 prea intens. Dac\u0103 por\u021bi o \u021binut\u0103 ro\u0219ie, opteaz\u0103 pentru un machiaj mai subtil sau pentru o nuan\u021b\u0103 diferit\u0103 de ruj, pentru a evita un efect strident.<\/p>\n<p class=\"kropka\">Evit\u00e2nd aceste gre\u0219eli, vei putea purta ro\u0219ul cu mai mult\u0103 \u00eencredere \u0219i stil, sco\u021b\u00e2nd \u00een eviden\u021b\u0103 for\u021ba \u0219i elegan\u021ba acestei culori intense.<\/p>\n<p>.<\/p>\n","protected":false},"excerpt":{"rendered":"<p><span class=\"span-reading-time rt-reading-time\" style=\"display: block;\"><span class=\"rt-label rt-prefix\">Timp de citire <\/span> <span class=\"rt-time\"> 5<\/span> <span class=\"rt-label rt-postfix\">min<\/span><\/span>Ro\u0219ul domin\u0103 tendin\u021bele acestui sezon, aduc\u00e2nd un aer \u00eendr\u0103zne\u021b \u0219i plin de elegan\u021b\u0103 oric\u0103rei \u021binute. Adina Vilcea , fashion stylist a scris un articol dedicat, cu sfaturi utile despre purtarea culorii ro\u0219u \u00een noul sezon.<\/p>\n","protected":false},"author":27,"featured_media":19316,"comment_status":"closed","ping_status":"closed","sticky":false,"template":"","format":"standard","meta":{"footnotes":""},"categories":[145],"tags":[],"class_list":["post-19307","post","type-post","status-publish","format-standard","has-post-thumbnail","hentry","category-inspiratie"],"yoast_head":"<!-- This site is optimized with the Yoast SEO plugin v25.8 - https:\/\/yoast.com\/wordpress\/plugins\/seo\/ -->\n<title>Cum s\u0103 Por\u021bi Culoarea Vedet\u0103 a Sezonului \u2014 Ro\u0219u - Answear<\/title>\n<meta name=\"description\" content=\"Ro\u0219ul domin\u0103 tendin\u021bele acestui sezon, aduc\u00e2nd un aer \u00eendr\u0103zne\u021b \u0219i plin de elegan\u021b\u0103 oric\u0103rei \u021binute. Adina Vilcea , fashion stylist a scris un articol\" \/>\n<meta name=\"robots\" content=\"index, follow, max-snippet:-1, max-image-preview:large, max-video-preview:-1\" \/>\n<link rel=\"canonical\" href=\"https:\/\/answear.ro\/blog\/cum-sa-porti-culoarea-vedeta-a-sezonului-rosu\/19307\" \/>\n<meta property=\"og:locale\" content=\"en_US\" \/>\n<meta property=\"og:type\" content=\"article\" \/>\n<meta property=\"og:title\" content=\"Cum s\u0103 Por\u021bi Culoarea Vedet\u0103 a Sezonului \u2014 Ro\u0219u - Answear\" \/>\n<meta property=\"og:description\" content=\"Ro\u0219ul domin\u0103 tendin\u021bele acestui sezon, aduc\u00e2nd un aer \u00eendr\u0103zne\u021b \u0219i plin de elegan\u021b\u0103 oric\u0103rei \u021binute. Adina Vilcea , fashion stylist a scris un articol\" \/>\n<meta property=\"og:url\" content=\"https:\/\/answear.ro\/blog\/cum-sa-porti-culoarea-vedeta-a-sezonului-rosu\/19307\" \/>\n<meta property=\"og:site_name\" content=\"Answear\" \/>\n<meta property=\"article:published_time\" content=\"2024-10-03T10:36:36+00:00\" \/>\n<meta property=\"article:modified_time\" content=\"2024-10-03T11:00:21+00:00\" \/>\n<meta property=\"og:image\" content=\"https:\/\/answear.ro\/blog\/wp-content\/uploads\/2024\/10\/2024-09-09-REDcut-scaled.jpg\" \/>\n\t<meta property=\"og:image:width\" content=\"2560\" \/>\n\t<meta property=\"og:image:height\" content=\"1278\" \/>\n\t<meta property=\"og:image:type\" content=\"image\/jpeg\" \/>\n<meta name=\"author\" content=\"Answear Blog\" \/>\n<meta name=\"twitter:card\" content=\"summary_large_image\" \/>\n<meta name=\"twitter:label1\" content=\"Written by\" \/>\n\t<meta name=\"twitter:data1\" content=\"Answear Blog\" \/>\n\t<meta name=\"twitter:label2\" content=\"Est. reading time\" \/>\n\t<meta name=\"twitter:data2\" content=\"5 minutes\" \/>\n<script type=\"application\/ld+json\" class=\"yoast-schema-graph\">{\"@context\":\"https:\/\/schema.org\",\"@graph\":[{\"@type\":\"WebPage\",\"@id\":\"https:\/\/answear.ro\/blog\/cum-sa-porti-culoarea-vedeta-a-sezonului-rosu\/19307\",\"url\":\"https:\/\/answear.ro\/blog\/cum-sa-porti-culoarea-vedeta-a-sezonului-rosu\/19307\",\"name\":\"Cum s\u0103 Por\u021bi Culoarea Vedet\u0103 a Sezonului \u2014 Ro\u0219u - Answear\",\"isPartOf\":{\"@id\":\"https:\/\/answear.ro\/blog\/#website\"},\"primaryImageOfPage\":{\"@id\":\"https:\/\/answear.ro\/blog\/cum-sa-porti-culoarea-vedeta-a-sezonului-rosu\/19307#primaryimage\"},\"image\":{\"@id\":\"https:\/\/answear.ro\/blog\/cum-sa-porti-culoarea-vedeta-a-sezonului-rosu\/19307#primaryimage\"},\"thumbnailUrl\":\"https:\/\/answear.ro\/blog\/wp-content\/uploads\/2024\/10\/2024-09-09-REDcut-scaled.jpg\",\"datePublished\":\"2024-10-03T10:36:36+00:00\",\"dateModified\":\"2024-10-03T11:00:21+00:00\",\"author\":{\"@id\":\"https:\/\/answear.ro\/blog\/#\/schema\/person\/5e0a01fae24a47738f0e1a19b0657a74\"},\"description\":\"Ro\u0219ul domin\u0103 tendin\u021bele acestui sezon, aduc\u00e2nd un aer \u00eendr\u0103zne\u021b \u0219i plin de elegan\u021b\u0103 oric\u0103rei \u021binute. Adina Vilcea , fashion stylist a scris un articol\",\"breadcrumb\":{\"@id\":\"https:\/\/answear.ro\/blog\/cum-sa-porti-culoarea-vedeta-a-sezonului-rosu\/19307#breadcrumb\"},\"inLanguage\":\"en-US\",\"potentialAction\":[{\"@type\":\"ReadAction\",\"target\":[\"https:\/\/answear.ro\/blog\/cum-sa-porti-culoarea-vedeta-a-sezonului-rosu\/19307\"]}]},{\"@type\":\"ImageObject\",\"inLanguage\":\"en-US\",\"@id\":\"https:\/\/answear.ro\/blog\/cum-sa-porti-culoarea-vedeta-a-sezonului-rosu\/19307#primaryimage\",\"url\":\"https:\/\/answear.ro\/blog\/wp-content\/uploads\/2024\/10\/2024-09-09-REDcut-scaled.jpg\",\"contentUrl\":\"https:\/\/answear.ro\/blog\/wp-content\/uploads\/2024\/10\/2024-09-09-REDcut-scaled.jpg\",\"width\":2560,\"height\":1278},{\"@type\":\"BreadcrumbList\",\"@id\":\"https:\/\/answear.ro\/blog\/cum-sa-porti-culoarea-vedeta-a-sezonului-rosu\/19307#breadcrumb\",\"itemListElement\":[{\"@type\":\"ListItem\",\"position\":1,\"name\":\"Home\",\"item\":\"https:\/\/answear.ro\/blog\/\"},{\"@type\":\"ListItem\",\"position\":2,\"name\":\"Cum s\u0103 Por\u021bi Culoarea Vedet\u0103 a Sezonului \u2014 Ro\u0219u\"}]},{\"@type\":\"WebSite\",\"@id\":\"https:\/\/answear.ro\/blog\/#website\",\"url\":\"https:\/\/answear.ro\/blog\/\",\"name\":\"Answear\",\"description\":\"\",\"potentialAction\":[{\"@type\":\"SearchAction\",\"target\":{\"@type\":\"EntryPoint\",\"urlTemplate\":\"https:\/\/answear.ro\/blog\/?s={search_term_string}\"},\"query-input\":{\"@type\":\"PropertyValueSpecification\",\"valueRequired\":true,\"valueName\":\"search_term_string\"}}],\"inLanguage\":\"en-US\"},{\"@type\":\"Person\",\"@id\":\"https:\/\/answear.ro\/blog\/#\/schema\/person\/5e0a01fae24a47738f0e1a19b0657a74\",\"name\":\"Answear Blog\",\"image\":{\"@type\":\"ImageObject\",\"inLanguage\":\"en-US\",\"@id\":\"https:\/\/answear.ro\/blog\/#\/schema\/person\/image\/\",\"url\":\"https:\/\/secure.gravatar.com\/avatar\/c99cbc3be09b4c660bc35ecfb7438677feb0cc3826ccd4416109b4a3e4d6df8c?s=96&r=g\",\"contentUrl\":\"https:\/\/secure.gravatar.com\/avatar\/c99cbc3be09b4c660bc35ecfb7438677feb0cc3826ccd4416109b4a3e4d6df8c?s=96&r=g\",\"caption\":\"Answear Blog\"},\"sameAs\":[\"http:\/\/answear.com\"],\"url\":\"https:\/\/answear.ro\/blog\/author\/answearblog\"}]}<\/script>\n<!-- \/ Yoast SEO plugin. -->","yoast_head_json":{"title":"Cum s\u0103 Por\u021bi Culoarea Vedet\u0103 a Sezonului \u2014 Ro\u0219u - Answear","description":"Ro\u0219ul domin\u0103 tendin\u021bele acestui sezon, aduc\u00e2nd un aer \u00eendr\u0103zne\u021b \u0219i plin de elegan\u021b\u0103 oric\u0103rei \u021binute. Adina Vilcea , fashion stylist a scris un articol","robots":{"index":"index","follow":"follow","max-snippet":"max-snippet:-1","max-image-preview":"max-image-preview:large","max-video-preview":"max-video-preview:-1"},"canonical":"https:\/\/answear.ro\/blog\/cum-sa-porti-culoarea-vedeta-a-sezonului-rosu\/19307","og_locale":"en_US","og_type":"article","og_title":"Cum s\u0103 Por\u021bi Culoarea Vedet\u0103 a Sezonului \u2014 Ro\u0219u - Answear","og_description":"Ro\u0219ul domin\u0103 tendin\u021bele acestui sezon, aduc\u00e2nd un aer \u00eendr\u0103zne\u021b \u0219i plin de elegan\u021b\u0103 oric\u0103rei \u021binute. Adina Vilcea , fashion stylist a scris un articol","og_url":"https:\/\/answear.ro\/blog\/cum-sa-porti-culoarea-vedeta-a-sezonului-rosu\/19307","og_site_name":"Answear","article_published_time":"2024-10-03T10:36:36+00:00","article_modified_time":"2024-10-03T11:00:21+00:00","og_image":[{"width":2560,"height":1278,"url":"https:\/\/answear.ro\/blog\/wp-content\/uploads\/2024\/10\/2024-09-09-REDcut-scaled.jpg","type":"image\/jpeg"}],"author":"Answear Blog","twitter_card":"summary_large_image","twitter_misc":{"Written by":"Answear Blog","Est. reading time":"5 minutes"},"schema":{"@context":"https:\/\/schema.org","@graph":[{"@type":"WebPage","@id":"https:\/\/answear.ro\/blog\/cum-sa-porti-culoarea-vedeta-a-sezonului-rosu\/19307","url":"https:\/\/answear.ro\/blog\/cum-sa-porti-culoarea-vedeta-a-sezonului-rosu\/19307","name":"Cum s\u0103 Por\u021bi Culoarea Vedet\u0103 a Sezonului \u2014 Ro\u0219u - Answear","isPartOf":{"@id":"https:\/\/answear.ro\/blog\/#website"},"primaryImageOfPage":{"@id":"https:\/\/answear.ro\/blog\/cum-sa-porti-culoarea-vedeta-a-sezonului-rosu\/19307#primaryimage"},"image":{"@id":"https:\/\/answear.ro\/blog\/cum-sa-porti-culoarea-vedeta-a-sezonului-rosu\/19307#primaryimage"},"thumbnailUrl":"https:\/\/answear.ro\/blog\/wp-content\/uploads\/2024\/10\/2024-09-09-REDcut-scaled.jpg","datePublished":"2024-10-03T10:36:36+00:00","dateModified":"2024-10-03T11:00:21+00:00","author":{"@id":"https:\/\/answear.ro\/blog\/#\/schema\/person\/5e0a01fae24a47738f0e1a19b0657a74"},"description":"Ro\u0219ul domin\u0103 tendin\u021bele acestui sezon, aduc\u00e2nd un aer \u00eendr\u0103zne\u021b \u0219i plin de elegan\u021b\u0103 oric\u0103rei \u021binute. Adina Vilcea , fashion stylist a scris un articol","breadcrumb":{"@id":"https:\/\/answear.ro\/blog\/cum-sa-porti-culoarea-vedeta-a-sezonului-rosu\/19307#breadcrumb"},"inLanguage":"en-US","potentialAction":[{"@type":"ReadAction","target":["https:\/\/answear.ro\/blog\/cum-sa-porti-culoarea-vedeta-a-sezonului-rosu\/19307"]}]},{"@type":"ImageObject","inLanguage":"en-US","@id":"https:\/\/answear.ro\/blog\/cum-sa-porti-culoarea-vedeta-a-sezonului-rosu\/19307#primaryimage","url":"https:\/\/answear.ro\/blog\/wp-content\/uploads\/2024\/10\/2024-09-09-REDcut-scaled.jpg","contentUrl":"https:\/\/answear.ro\/blog\/wp-content\/uploads\/2024\/10\/2024-09-09-REDcut-scaled.jpg","width":2560,"height":1278},{"@type":"BreadcrumbList","@id":"https:\/\/answear.ro\/blog\/cum-sa-porti-culoarea-vedeta-a-sezonului-rosu\/19307#breadcrumb","itemListElement":[{"@type":"ListItem","position":1,"name":"Home","item":"https:\/\/answear.ro\/blog\/"},{"@type":"ListItem","position":2,"name":"Cum s\u0103 Por\u021bi Culoarea Vedet\u0103 a Sezonului \u2014 Ro\u0219u"}]},{"@type":"WebSite","@id":"https:\/\/answear.ro\/blog\/#website","url":"https:\/\/answear.ro\/blog\/","name":"Answear","description":"","potentialAction":[{"@type":"SearchAction","target":{"@type":"EntryPoint","urlTemplate":"https:\/\/answear.ro\/blog\/?s={search_term_string}"},"query-input":{"@type":"PropertyValueSpecification","valueRequired":true,"valueName":"search_term_string"}}],"inLanguage":"en-US"},{"@type":"Person","@id":"https:\/\/answear.ro\/blog\/#\/schema\/person\/5e0a01fae24a47738f0e1a19b0657a74","name":"Answear Blog","image":{"@type":"ImageObject","inLanguage":"en-US","@id":"https:\/\/answear.ro\/blog\/#\/schema\/person\/image\/","url":"https:\/\/secure.gravatar.com\/avatar\/c99cbc3be09b4c660bc35ecfb7438677feb0cc3826ccd4416109b4a3e4d6df8c?s=96&r=g","contentUrl":"https:\/\/secure.gravatar.com\/avatar\/c99cbc3be09b4c660bc35ecfb7438677feb0cc3826ccd4416109b4a3e4d6df8c?s=96&r=g","caption":"Answear Blog"},"sameAs":["http:\/\/answear.com"],"url":"https:\/\/answear.ro\/blog\/author\/answearblog"}]}},"_links":{"self":[{"href":"https:\/\/answear.ro\/blog\/wp-json\/wp\/v2\/posts\/19307","targetHints":{"allow":["GET"]}}],"collection":[{"href":"https:\/\/answear.ro\/blog\/wp-json\/wp\/v2\/posts"}],"about":[{"href":"https:\/\/answear.ro\/blog\/wp-json\/wp\/v2\/types\/post"}],"author":[{"embeddable":true,"href":"https:\/\/answear.ro\/blog\/wp-json\/wp\/v2\/users\/27"}],"replies":[{"embeddable":true,"href":"https:\/\/answear.ro\/blog\/wp-json\/wp\/v2\/comments?post=19307"}],"version-history":[{"count":9,"href":"https:\/\/answear.ro\/blog\/wp-json\/wp\/v2\/posts\/19307\/revisions"}],"predecessor-version":[{"id":19323,"href":"https:\/\/answear.ro\/blog\/wp-json\/wp\/v2\/posts\/19307\/revisions\/19323"}],"wp:featuredmedia":[{"embeddable":true,"href":"https:\/\/answear.ro\/blog\/wp-json\/wp\/v2\/media\/19316"}],"wp:attachment":[{"href":"https:\/\/answear.ro\/blog\/wp-json\/wp\/v2\/media?parent=19307"}],"wp:term":[{"taxonomy":"category","embeddable":true,"href":"https:\/\/answear.ro\/blog\/wp-json\/wp\/v2\/categories?post=19307"},{"taxonomy":"post_tag","embeddable":true,"href":"https:\/\/answear.ro\/blog\/wp-json\/wp\/v2\/tags?post=19307"}],"curies":[{"name":"wp","href":"https:\/\/api.w.org\/{rel}","templated":true}]}}